{"id":198217,"date":"2022-04-29T00:29:22","date_gmt":"2022-04-29T03:29:22","guid":{"rendered":"https:\/\/diarioregionaldigital.com.br\/?p=198217"},"modified":"2022-04-29T00:29:22","modified_gmt":"2022-04-29T03:29:22","slug":"trans-herculano-29-04-2022","status":"publish","type":"post","link":"https:\/\/diarioregionaldigital.com.br\/?p=198217","title":{"rendered":"Trans &#8211; Herculano &#8211; 29\/04\/2022"},"content":{"rendered":"<p>A Empresa <strong>JOS\u00c9 HERCULANO DA CRUZ E FILHOS S\/A.<\/strong> , CNPJ <strong>17.799.438\/0003-46<\/strong>, localizado \u00e0 \u00a0<strong>Avenida Doutor Sime\u00e3o de Faria<\/strong><strong>, n\u00ba1.589, Bairro Santa Cruz, Juiz de Fora\/MG, CEP 36.088-000<\/strong>, por determina\u00e7\u00e3o do Conselho Municipal de Meio Ambiente COMDEMA, torna p\u00fablico que solicitou a atrav\u00e9s do processo administrativo n\u00ba 1507\/2021, a Licen\u00e7a Ambiental Concomitante (LAC 1) para F-06-01-7: Postos revendedores, postos ou <strong>pontos de abastecimento<\/strong>, instala\u00e7\u00f5es de sistemas retalhistas, postos flutuantes de combust\u00edveis e postos revendedores de combust\u00edveis de avia\u00e7\u00e3o, conforme a DN COPAM 217\/2017.<\/p>\n","protected":false},"excerpt":{"rendered":"<p>A Empresa JOS\u00c9 HERCULANO DA CRUZ E FILHOS S\/A. , CNPJ 17.799.438\/0003-46, localizado \u00e0 \u00a0Avenida Doutor Sime\u00e3o de Faria, n\u00ba1.589, Bairro Santa Cruz, Juiz de Fora\/MG, CEP 36.088-000, por determina\u00e7\u00e3o do Conselho Municipal de Meio Ambiente COMDEMA, torna p\u00fablico que solicitou a atrav\u00e9s do processo administrativo n\u00ba 1507\/2021, a Licen\u00e7a Ambiental Concomitante (LAC 1) para [&hellip;]<\/p>\n","protected":false},"author":96,"featured_media":0,"comment_status":"closed","ping_status":"closed","sticky":false,"template":"","format":"standard","meta":{"footnotes":""},"categories":[307],"tags":[],"class_list":["post-198217","post","type-post","status-publish","format-standard","hentry","category-editais"],"_links":{"self":[{"href":"https:\/\/diarioregionaldigital.com.br\/index.php?rest_route=\/wp\/v2\/posts\/198217","targetHints":{"allow":["GET"]}}],"collection":[{"href":"https:\/\/diarioregionaldigital.com.br\/index.php?rest_route=\/wp\/v2\/posts"}],"about":[{"href":"https:\/\/diarioregionaldigital.com.br\/index.php?rest_route=\/wp\/v2\/types\/post"}],"author":[{"embeddable":true,"href":"https:\/\/diarioregionaldigital.com.br\/index.php?rest_route=\/wp\/v2\/users\/96"}],"replies":[{"embeddable":true,"href":"https:\/\/diarioregionaldigital.com.br\/index.php?rest_route=%2Fwp%2Fv2%2Fcomments&post=198217"}],"version-history":[{"count":1,"href":"https:\/\/diarioregionaldigital.com.br\/index.php?rest_route=\/wp\/v2\/posts\/198217\/revisions"}],"predecessor-version":[{"id":198218,"href":"https:\/\/diarioregionaldigital.com.br\/index.php?rest_route=\/wp\/v2\/posts\/198217\/revisions\/198218"}],"wp:attachment":[{"href":"https:\/\/diarioregionaldigital.com.br\/index.php?rest_route=%2Fwp%2Fv2%2Fmedia&parent=198217"}],"wp:term":[{"taxonomy":"category","embeddable":true,"href":"https:\/\/diarioregionaldigital.com.br\/index.php?rest_route=%2Fwp%2Fv2%2Fcategories&post=198217"},{"taxonomy":"post_tag","embeddable":true,"href":"https:\/\/diarioregionaldigital.com.br\/index.php?rest_route=%2Fwp%2Fv2%2Ftags&post=198217"}],"curies":[{"name":"wp","href":"https:\/\/api.w.org\/{rel}","templated":true}]}}