{"id":198211,"date":"2022-04-28T21:02:43","date_gmt":"2022-04-29T00:02:43","guid":{"rendered":"https:\/\/diarioregionaldigital.com.br\/?p=198211"},"modified":"2022-04-28T21:02:43","modified_gmt":"2022-04-29T00:02:43","slug":"abertas-as-inscricoes-para-degustacao-e-comercializacao-de-alimentos-e-bebidas-durante-a-feira-regional-da-economia-solidaria","status":"publish","type":"post","link":"https:\/\/diarioregionaldigital.com.br\/?p=198211","title":{"rendered":"Abertas as inscri\u00e7\u00f5es para degusta\u00e7\u00e3o e comercializa\u00e7\u00e3o de alimentos e bebidas durante a Feira Regional da Economia Solid\u00e1ria"},"content":{"rendered":"<p>Segundo informa\u00e7\u00f5es do site da Prefeitura de Juiz de Fora, est\u00e3o abertas as inscri\u00e7\u00f5es para o processo de venda de cervejas artesanais, alimentos e bebidas n\u00e3o alco\u00f3licas na Feira Regional da Economia Solid\u00e1ria, realizada nos dias 6 de maio, das das 10h \u00e0s 22h, e 7 de maio, das de 9h \u00e0s 18h, no Parque Halfeld.<\/p>\n<p>O processo visa oferecer \u00e0s cervejarias de Juiz de Fora, que possuam registro no Minist\u00e9rio da Agricultura, Pecu\u00e1ria e Abastecimento (Mapa), e entidades filantr\u00f3picas espa\u00e7o para instala\u00e7\u00e3o de barracas para venda de cervejas artesanais, alimentos e bebidas n\u00e3o alco\u00f3licas.<\/p>\n<p>Assim, os frequentadores da Feira Regional da Economia Solid\u00e1ria poder\u00e3o ter um local para degusta\u00e7\u00e3o de diversos produtos de Juiz de Fora durante sua perman\u00eancia no evento, al\u00e9m de propiciar para as cervejarias e entidades que prestam servi\u00e7os assistenciais na cidade um espa\u00e7o para a venda de seus produtos.<\/p>\n<p>As cervejarias, em contrapresta\u00e7\u00e3o, se obrigam a fornecer as atra\u00e7\u00f5es para compor a programa\u00e7\u00e3o cultural da pra\u00e7a de alimenta\u00e7\u00e3o da Feira. Essas atra\u00e7\u00f5es est\u00e3o sendo definidas pelas secretarias de Turismo (Setur) e de Desenvolvimento Sustent\u00e1vel e Inclusivo, da Inova\u00e7\u00e3o e Competitividade (Sedic) da Prefeitura de Juiz de Fora (PJF).<br \/>\n<strong>Sobre a Feira Regional da Economia Solid\u00e1ria<\/strong><br \/>\nO objetivo da feira \u00e9 desenvolver a economia sustent\u00e1vel do munic\u00edpio com a participa\u00e7\u00e3o de grupos populares, tendo como expositores trabalhadores, coletivos, cooperativas, entre outros, que visam fortalecer a economia solid\u00e1ria. A iniciativa \u00e9 realizada pela Secretaria de Estado e Desenvolvimento Social (Sedese) do Governo de Minas Gerais, em prol do apoio e fortalecimento da economia solid\u00e1ria do estado, em atendimento \u00e0 Lei n.\u00ba 15.028\/2004, em parceria com a Sedic e com apoio da Setur. A feira ser\u00e1 ampliada com a participa\u00e7\u00e3o de outros munic\u00edpios da Zona da Mata Mineira, organizados pelo F\u00f3rum Regional de Economia Popular Solid\u00e1ria.<br \/>\n<a href=\"https:\/\/docs.google.com\/forms\/d\/e\/1FAIpQLScEBlgtMGaCnqAYEmJ5hC9zuDVcIk8oHnoUrwneF3a88Q8-5g\/viewform\"><strong>As inscri\u00e7\u00f5es para as cervejarias s\u00e3o gratuitas e feitas via formul\u00e1rio devidamente preenchido<\/strong><\/a>. Ser\u00e3o habilitadas at\u00e9 seis cervejarias, que ocupar\u00e3o espa\u00e7o na Feira de 3x3m, com instala\u00e7\u00e3o el\u00e9trica, sem ponto de \u00e1gua, para funcionamento nos dias 6 de maio, de 10h \u00e0s 22h e 7 de maio, de 9h \u00e0s 18h. Caso o n\u00famero de inscri\u00e7\u00f5es ultrapasse esse limite, elas ser\u00e3o agrupadas por sorteio.<br \/>\nPara o processo de venda de alimentos e bebidas n\u00e3o alc\u00f3olicas, ser\u00e3o habilitadas at\u00e9 quatro entidades de car\u00e1ter filantr\u00f3pico e ONG\u2019s que desenvolvam trabalhos sociais e sem fins lucrativos, que na Feira ocupar\u00e3o espa\u00e7o de 3x3m, com instala\u00e7\u00e3o el\u00e9trica, sem ponto de \u00e1gua. Cada entidade dever\u00e1 apresentar um produto diferente de outro. Caso o n\u00famero de inscri\u00e7\u00f5es ultrapasse esse limite, elas ser\u00e3o agrupadas por sorteio.\u00a0<a href=\"https:\/\/docs.google.com\/forms\/d\/e\/1FAIpQLSfZ3nqOi2VpzBE-8M-YXrzqJUQXUAbWkejkIGCl4oVEdfbwkA\/viewform\"><strong>As inscri\u00e7\u00f5es tamb\u00e9m s\u00e3o gratuitas e podem ser feitas atrav\u00e9s deste formul\u00e1rio<\/strong><\/a>.<\/p>\n","protected":false},"excerpt":{"rendered":"<p>Segundo informa\u00e7\u00f5es do site da Prefeitura de Juiz de Fora, est\u00e3o abertas as inscri\u00e7\u00f5es para o processo de venda de cervejas artesanais, alimentos e bebidas n\u00e3o alco\u00f3licas na Feira Regional da Economia Solid\u00e1ria, realizada nos dias 6 de maio, das das 10h \u00e0s 22h, e 7 de maio, das de 9h \u00e0s 18h, no Parque [&hellip;]<\/p>\n","protected":false},"author":246,"featured_media":198212,"comment_status":"closed","ping_status":"closed","sticky":false,"template":"","format":"standard","meta":{"footnotes":""},"categories":[253,436,439],"tags":[],"class_list":["post-198211","post","type-post","status-publish","format-standard","has-post-thumbnail","hentry","category-cidade","category-destaque-da-semana","category-ultima-hora"],"_links":{"self":[{"href":"https:\/\/diarioregionaldigital.com.br\/index.php?rest_route=\/wp\/v2\/posts\/198211","targetHints":{"allow":["GET"]}}],"collection":[{"href":"https:\/\/diarioregionaldigital.com.br\/index.php?rest_route=\/wp\/v2\/posts"}],"about":[{"href":"https:\/\/diarioregionaldigital.com.br\/index.php?rest_route=\/wp\/v2\/types\/post"}],"author":[{"embeddable":true,"href":"https:\/\/diarioregionaldigital.com.br\/index.php?rest_route=\/wp\/v2\/users\/246"}],"replies":[{"embeddable":true,"href":"https:\/\/diarioregionaldigital.com.br\/index.php?rest_route=%2Fwp%2Fv2%2Fcomments&post=198211"}],"version-history":[{"count":1,"href":"https:\/\/diarioregionaldigital.com.br\/index.php?rest_route=\/wp\/v2\/posts\/198211\/revisions"}],"predecessor-version":[{"id":198213,"href":"https:\/\/diarioregionaldigital.com.br\/index.php?rest_route=\/wp\/v2\/posts\/198211\/revisions\/198213"}],"wp:featuredmedia":[{"embeddable":true,"href":"https:\/\/diarioregionaldigital.com.br\/index.php?rest_route=\/wp\/v2\/media\/198212"}],"wp:attachment":[{"href":"https:\/\/diarioregionaldigital.com.br\/index.php?rest_route=%2Fwp%2Fv2%2Fmedia&parent=198211"}],"wp:term":[{"taxonomy":"category","embeddable":true,"href":"https:\/\/diarioregionaldigital.com.br\/index.php?rest_route=%2Fwp%2Fv2%2Fcategories&post=198211"},{"taxonomy":"post_tag","embeddable":true,"href":"https:\/\/diarioregionaldigital.com.br\/index.php?rest_route=%2Fwp%2Fv2%2Ftags&post=198211"}],"curies":[{"name":"wp","href":"https:\/\/api.w.org\/{rel}","templated":true}]}}