{"id":198208,"date":"2022-04-28T20:59:13","date_gmt":"2022-04-28T23:59:13","guid":{"rendered":"https:\/\/diarioregionaldigital.com.br\/?p=198208"},"modified":"2022-04-28T20:59:13","modified_gmt":"2022-04-28T23:59:13","slug":"programa-boniteza-continua-com-instalacao-de-led-em-monte-verde-2","status":"publish","type":"post","link":"https:\/\/diarioregionaldigital.com.br\/?p=198208","title":{"rendered":"Programa Boniteza continua com instala\u00e7\u00e3o de LED em Monte Verde"},"content":{"rendered":"<p>Segundo informa\u00e7\u00f5es do site da Prefeitura de Juiz de Fora, o Programa Boniteza da Prefeitura de Juiz de Fora (PJF) continua instalando novas l\u00e2mpadas de LED em Monte Verde, na Zona Rural da cidade. Nesta quinta-feira, 28, foi inserida nova ilumina\u00e7\u00e3o na comunidade Privil\u00e9gio, no distrito de Monte Verde.<\/p>\n<p>Tamb\u00e9m nesta quinta, equipes da Secretaria de Obras (SO) da PJF realizaram a manuten\u00e7\u00e3o em disjuntor defeituoso na Pra\u00e7a do Bairro Jardim do Sol, al\u00e9m do servi\u00e7o de reparo dos cabos rompidos na Pra\u00e7a do Riachuelo, no centro da cidade.<\/p>\n<p>Por meio do Programa Boniteza e do Brilha JF, em 2021 foram instaladas mais de 1.500 lumin\u00e1rias de LED em vias estrat\u00e9gicas da cidade como a Avenida JK, que est\u00e1 em fase de finaliza\u00e7\u00e3o; Avenida Get\u00falio Vargas; Avenida Brasil, at\u00e9 o viaduto da BD; Avenida Governador Valadares; Rua S\u00e3o Mateus; Rua Ibitiguaia; Rua Benjamin Constant; Rua Ces\u00e1rio Alvim; Avenida Francisco Bernardino; Rua Paulo Frontin; Rua Doutor Prisco; Estrada Engenheiro Gentil Forn; Rua Jos\u00e9 Louren\u00e7o Kelmer, entre a Ponte Casablanca e a UFJF; acesso \u00e0 Nova Benfica pela Rua Martins Barbosa, Viaduto Augusto Franco e Viaduto Ramirez Gonzales, al\u00e9m de diversas pra\u00e7as da cidade.<\/p>\n<p><strong>Gabinete de A\u00e7\u00e3o e Di\u00e1logo Comunit\u00e1rio<\/strong><\/p>\n<p>As a\u00e7\u00f5es da SO s\u00e3o realizadas atrav\u00e9s do\u00a0<a href=\"https:\/\/www.pjf.mg.gov.br\/gabinetecomunitario\/\"><strong>Gabinete de A\u00e7\u00e3o e Di\u00e1logo Comunit\u00e1rio<\/strong><\/a>, que recebe demandas de melhorias urbanas pelo n\u00famero (32) 3690-7241, por liga\u00e7\u00e3o ou WhatsApp.<\/p>\n<p>No site do gabinete, est\u00e3o dispon\u00edveis informa\u00e7\u00f5es atualizadas diariamente sobre os servi\u00e7os realizados pelas secretarias de Obras; de Sustentabilidade em Meio Ambiente e Atividades Urbanas (Sesmaur); de Mobilidade Urbana (SMU); e pela Empresa Municipal de Pavimenta\u00e7\u00e3o e Urbaniza\u00e7\u00e3o (Empav); Departamento Municipal de Limpeza Urbana (Demlurb); e Companhia de Saneamento Municipal (Cesama).<\/p>\n","protected":false},"excerpt":{"rendered":"<p>Segundo informa\u00e7\u00f5es do site da Prefeitura de Juiz de Fora, o Programa Boniteza da Prefeitura de Juiz de Fora (PJF) continua instalando novas l\u00e2mpadas de LED em Monte Verde, na Zona Rural da cidade. Nesta quinta-feira, 28, foi inserida nova ilumina\u00e7\u00e3o na comunidade Privil\u00e9gio, no distrito de Monte Verde. Tamb\u00e9m nesta quinta, equipes da Secretaria [&hellip;]<\/p>\n","protected":false},"author":246,"featured_media":198209,"comment_status":"closed","ping_status":"closed","sticky":false,"template":"","format":"standard","meta":{"footnotes":""},"categories":[253,436,439],"tags":[],"class_list":["post-198208","post","type-post","status-publish","format-standard","has-post-thumbnail","hentry","category-cidade","category-destaque-da-semana","category-ultima-hora"],"_links":{"self":[{"href":"https:\/\/diarioregionaldigital.com.br\/index.php?rest_route=\/wp\/v2\/posts\/198208","targetHints":{"allow":["GET"]}}],"collection":[{"href":"https:\/\/diarioregionaldigital.com.br\/index.php?rest_route=\/wp\/v2\/posts"}],"about":[{"href":"https:\/\/diarioregionaldigital.com.br\/index.php?rest_route=\/wp\/v2\/types\/post"}],"author":[{"embeddable":true,"href":"https:\/\/diarioregionaldigital.com.br\/index.php?rest_route=\/wp\/v2\/users\/246"}],"replies":[{"embeddable":true,"href":"https:\/\/diarioregionaldigital.com.br\/index.php?rest_route=%2Fwp%2Fv2%2Fcomments&post=198208"}],"version-history":[{"count":1,"href":"https:\/\/diarioregionaldigital.com.br\/index.php?rest_route=\/wp\/v2\/posts\/198208\/revisions"}],"predecessor-version":[{"id":198210,"href":"https:\/\/diarioregionaldigital.com.br\/index.php?rest_route=\/wp\/v2\/posts\/198208\/revisions\/198210"}],"wp:featuredmedia":[{"embeddable":true,"href":"https:\/\/diarioregionaldigital.com.br\/index.php?rest_route=\/wp\/v2\/media\/198209"}],"wp:attachment":[{"href":"https:\/\/diarioregionaldigital.com.br\/index.php?rest_route=%2Fwp%2Fv2%2Fmedia&parent=198208"}],"wp:term":[{"taxonomy":"category","embeddable":true,"href":"https:\/\/diarioregionaldigital.com.br\/index.php?rest_route=%2Fwp%2Fv2%2Fcategories&post=198208"},{"taxonomy":"post_tag","embeddable":true,"href":"https:\/\/diarioregionaldigital.com.br\/index.php?rest_route=%2Fwp%2Fv2%2Ftags&post=198208"}],"curies":[{"name":"wp","href":"https:\/\/api.w.org\/{rel}","templated":true}]}}