{"id":198205,"date":"2022-04-28T20:55:10","date_gmt":"2022-04-28T23:55:10","guid":{"rendered":"https:\/\/diarioregionaldigital.com.br\/?p=198205"},"modified":"2022-04-28T20:55:10","modified_gmt":"2022-04-28T23:55:10","slug":"museu-mariano-procopio-antecipa-comemoracoes-pelo-dia-das-maes-com-distribuicao-de-mudas","status":"publish","type":"post","link":"https:\/\/diarioregionaldigital.com.br\/?p=198205","title":{"rendered":"Museu Mariano Proc\u00f3pio antecipa comemora\u00e7\u00f5es pelo Dia das M\u00e3es com distribui\u00e7\u00e3o de mudas"},"content":{"rendered":"<p>Segundo informa\u00e7\u00f5es do site da Prefeitura de Juiz de Fora, em torno de cem mudas de plantas de esp\u00e9cies diversas ser\u00e3o distribu\u00eddas gratuitamente pela Funda\u00e7\u00e3o Museu Mariano Proc\u00f3pio (Mapro) na pr\u00f3xima ter\u00e7a-feira, 3 de maio. A entrega acontece das 10h \u00e0s 11h, pelo port\u00e3o da Rua Mariano Proc\u00f3pio, e cada pessoa ter\u00e1 direito de escolher uma muda. A iniciativa antecipa as comemora\u00e7\u00f5es pelo Dia das M\u00e3es, celebrado no segundo domingo de maio, 8.<\/p>\n<p>Entre as esp\u00e9cies que ser\u00e3o doadas ao p\u00fablico est\u00e3o: suculentas, ant\u00fario e costela de Ad\u00e3o. Todas as plantas foram cultivadas no viveiro mantido no Museu Mariano Proc\u00f3pio e fazem parte da flora presente no jardim hist\u00f3rico da institui\u00e7\u00e3o.<\/p>\n<p>Primeiro museu de Minas Gerais, o Mariano Proc\u00f3pio completa 101 anos no dia 23 de junho. O equipamento urbano \u00e9 mantido pela Prefeitura de Juiz de Fora (PJF) e gerenciado pela Mapro.<\/p>\n","protected":false},"excerpt":{"rendered":"<p>Segundo informa\u00e7\u00f5es do site da Prefeitura de Juiz de Fora, em torno de cem mudas de plantas de esp\u00e9cies diversas ser\u00e3o distribu\u00eddas gratuitamente pela Funda\u00e7\u00e3o Museu Mariano Proc\u00f3pio (Mapro) na pr\u00f3xima ter\u00e7a-feira, 3 de maio. A entrega acontece das 10h \u00e0s 11h, pelo port\u00e3o da Rua Mariano Proc\u00f3pio, e cada pessoa ter\u00e1 direito de escolher [&hellip;]<\/p>\n","protected":false},"author":246,"featured_media":198206,"comment_status":"closed","ping_status":"closed","sticky":false,"template":"","format":"standard","meta":{"footnotes":""},"categories":[253,436,439],"tags":[],"class_list":["post-198205","post","type-post","status-publish","format-standard","has-post-thumbnail","hentry","category-cidade","category-destaque-da-semana","category-ultima-hora"],"_links":{"self":[{"href":"https:\/\/diarioregionaldigital.com.br\/index.php?rest_route=\/wp\/v2\/posts\/198205","targetHints":{"allow":["GET"]}}],"collection":[{"href":"https:\/\/diarioregionaldigital.com.br\/index.php?rest_route=\/wp\/v2\/posts"}],"about":[{"href":"https:\/\/diarioregionaldigital.com.br\/index.php?rest_route=\/wp\/v2\/types\/post"}],"author":[{"embeddable":true,"href":"https:\/\/diarioregionaldigital.com.br\/index.php?rest_route=\/wp\/v2\/users\/246"}],"replies":[{"embeddable":true,"href":"https:\/\/diarioregionaldigital.com.br\/index.php?rest_route=%2Fwp%2Fv2%2Fcomments&post=198205"}],"version-history":[{"count":1,"href":"https:\/\/diarioregionaldigital.com.br\/index.php?rest_route=\/wp\/v2\/posts\/198205\/revisions"}],"predecessor-version":[{"id":198207,"href":"https:\/\/diarioregionaldigital.com.br\/index.php?rest_route=\/wp\/v2\/posts\/198205\/revisions\/198207"}],"wp:featuredmedia":[{"embeddable":true,"href":"https:\/\/diarioregionaldigital.com.br\/index.php?rest_route=\/wp\/v2\/media\/198206"}],"wp:attachment":[{"href":"https:\/\/diarioregionaldigital.com.br\/index.php?rest_route=%2Fwp%2Fv2%2Fmedia&parent=198205"}],"wp:term":[{"taxonomy":"category","embeddable":true,"href":"https:\/\/diarioregionaldigital.com.br\/index.php?rest_route=%2Fwp%2Fv2%2Fcategories&post=198205"},{"taxonomy":"post_tag","embeddable":true,"href":"https:\/\/diarioregionaldigital.com.br\/index.php?rest_route=%2Fwp%2Fv2%2Ftags&post=198205"}],"curies":[{"name":"wp","href":"https:\/\/api.w.org\/{rel}","templated":true}]}}