{"id":198186,"date":"2022-04-28T20:37:19","date_gmt":"2022-04-28T23:37:19","guid":{"rendered":"https:\/\/diarioregionaldigital.com.br\/?p=198186"},"modified":"2022-04-28T20:37:19","modified_gmt":"2022-04-28T23:37:19","slug":"abel-braga-deixa-comando-tecnico-do-flu-apos-dois-jogos-sem-vitorias","status":"publish","type":"post","link":"https:\/\/diarioregionaldigital.com.br\/?p=198186","title":{"rendered":"Abel Braga deixa comando t\u00e9cnico do Flu ap\u00f3s dois jogos sem vit\u00f3rias"},"content":{"rendered":"<p>O Fluminense anunciou a sa\u00edda do t\u00e9cnico Abel Braga na manh\u00e3 desta quinta-feira (28), ap\u00f3s acordo com a diretoria. Em nota, o clube ressaltou que o treinador \u00e9 o \u201cmais vitorioso da hist\u00f3ria do clube\u201d. Na \u00faltima ter\u00e7a (26), o t\u00e9cnico saiu do Maracan\u00e3, sob vaias da torcida tricolor, ap\u00f3s a equipe empatar sem gols com o Uni\u00f3n Santa Fe (Argentina), pela chave\u00a0H da\u00a0<a href=\"https:\/\/agenciabrasil.ebc.com.br\/esportes\/tabelas\/copa-sul-americana-2022.html\">Copa Sul-Americana.<\/a>\u00a0O time segue em terceiro lugar na fase de grupos do torneio continental, que classifica apenas o primeiro colocado \u00e0s oitavas de final. \u00a0Al\u00e9m disso, no \u00faltimo s\u00e1bado (23), o Flu j\u00e1 havia perdido em casa para o Internacional, por 1 a 0, em duelo da\u00a0<a href=\"https:\/\/agenciabrasil.ebc.com.br\/esportes\/tabelas\/\">S\u00e9rie A do Campeonato Brasileiro.<\/a><img decoding=\"async\" src=\"https:\/\/agenciabrasil.ebc.com.br\/ebc.png?id=1456703&amp;o=node\" \/><img decoding=\"async\" src=\"https:\/\/agenciabrasil.ebc.com.br\/ebc.gif?id=1456703&amp;o=node\" \/><\/p>\n<p>Abel Braga iniciou sua quarta passagem pelo Tricolor carioca em 15 de dezembro do ano passado. Na temporada deste ano, ele comandou a conquista do Campeonato Carioca, quebrando um jejum de dez anos. Desde que assumiu o time, foram 17 vit\u00f3rias, quatro empates e cinco derrotas (total de 26 partidas). Abel Braga j\u00e1 treinara o Tricolor em 2005; e nos per\u00edodos de 2011 a 2013, e de 2016 a 2018, quando somou t\u00edtulos do Carioca (2005 e 2012) e Brasileir\u00e3o (2012).<\/p>\n<p>No pr\u00f3ximo domingo (1\u00ba de maio), \u00e0s 16h (hor\u00e1rio de Bras\u00edlia) o Fluminense duela fora de casa contra o Coritiba, pela quarta rodada do Brasileir\u00e3o.\u00a0 Quem dirigir\u00e1 a equipe ser\u00e1 o t\u00e9cnico interno Marc\u00e3o, que comandou o time no final de 2021.<\/p>\n<p><span style=\"font-weight: 400;\"><br \/>\n<\/span><span style=\"font-weight: 400;\">Fonte: Ag\u00eancia Brasil <\/span><\/p>\n","protected":false},"excerpt":{"rendered":"<p>O Fluminense anunciou a sa\u00edda do t\u00e9cnico Abel Braga na manh\u00e3 desta quinta-feira (28), ap\u00f3s acordo com a diretoria. Em nota, o clube ressaltou que o treinador \u00e9 o \u201cmais vitorioso da hist\u00f3ria do clube\u201d. Na \u00faltima ter\u00e7a (26), o t\u00e9cnico saiu do Maracan\u00e3, sob vaias da torcida tricolor, ap\u00f3s a equipe empatar sem gols [&hellip;]<\/p>\n","protected":false},"author":246,"featured_media":198187,"comment_status":"closed","ping_status":"closed","sticky":false,"template":"","format":"standard","meta":{"footnotes":""},"categories":[436,440,257,439],"tags":[],"class_list":["post-198186","post","type-post","status-publish","format-standard","has-post-thumbnail","hentry","category-destaque-da-semana","category-destaques-do-dia","category-esporte","category-ultima-hora"],"_links":{"self":[{"href":"https:\/\/diarioregionaldigital.com.br\/index.php?rest_route=\/wp\/v2\/posts\/198186","targetHints":{"allow":["GET"]}}],"collection":[{"href":"https:\/\/diarioregionaldigital.com.br\/index.php?rest_route=\/wp\/v2\/posts"}],"about":[{"href":"https:\/\/diarioregionaldigital.com.br\/index.php?rest_route=\/wp\/v2\/types\/post"}],"author":[{"embeddable":true,"href":"https:\/\/diarioregionaldigital.com.br\/index.php?rest_route=\/wp\/v2\/users\/246"}],"replies":[{"embeddable":true,"href":"https:\/\/diarioregionaldigital.com.br\/index.php?rest_route=%2Fwp%2Fv2%2Fcomments&post=198186"}],"version-history":[{"count":1,"href":"https:\/\/diarioregionaldigital.com.br\/index.php?rest_route=\/wp\/v2\/posts\/198186\/revisions"}],"predecessor-version":[{"id":198188,"href":"https:\/\/diarioregionaldigital.com.br\/index.php?rest_route=\/wp\/v2\/posts\/198186\/revisions\/198188"}],"wp:featuredmedia":[{"embeddable":true,"href":"https:\/\/diarioregionaldigital.com.br\/index.php?rest_route=\/wp\/v2\/media\/198187"}],"wp:attachment":[{"href":"https:\/\/diarioregionaldigital.com.br\/index.php?rest_route=%2Fwp%2Fv2%2Fmedia&parent=198186"}],"wp:term":[{"taxonomy":"category","embeddable":true,"href":"https:\/\/diarioregionaldigital.com.br\/index.php?rest_route=%2Fwp%2Fv2%2Fcategories&post=198186"},{"taxonomy":"post_tag","embeddable":true,"href":"https:\/\/diarioregionaldigital.com.br\/index.php?rest_route=%2Fwp%2Fv2%2Ftags&post=198186"}],"curies":[{"name":"wp","href":"https:\/\/api.w.org\/{rel}","templated":true}]}}