{"id":198180,"date":"2022-04-28T20:12:43","date_gmt":"2022-04-28T23:12:43","guid":{"rendered":"https:\/\/diarioregionaldigital.com.br\/?p=198180"},"modified":"2022-04-28T20:12:43","modified_gmt":"2022-04-28T23:12:43","slug":"inscricoes-para-edital-com-r-45-mi-para-projetos-de-coleta-coletiva-terminam-em-30-4","status":"publish","type":"post","link":"https:\/\/diarioregionaldigital.com.br\/?p=198180","title":{"rendered":"Inscri\u00e7\u00f5es para edital com R$ 4,5 mi para projetos de coleta coletiva terminam em 30\/4"},"content":{"rendered":"<p>Munic\u00edpios e cons\u00f3rcios p\u00fablicos intermunicipais de Minas Gerais t\u00eam at\u00e9 o dia 30\/4 para se inscreverem na sele\u00e7\u00e3o de projetos para implanta\u00e7\u00e3o ou amplia\u00e7\u00e3o de coletiva seletiva de res\u00edduos s\u00f3lidos urbanos do Edital de Chamada P\u00fablica n\u00ba002\/2022, da\u00a0<a href=\"http:\/\/www.meioambiente.mg.gov.br\/\" target=\"_blank\" rel=\"noopener\">Secretaria de Estado de Meio Ambiente e Desenvolvimento Sustent\u00e1vel (Semad)<\/a>. Ser\u00e3o investidos R$ 4,5 milh\u00f5es nas cidades classificadas, como incentivo e fortalecimento da coleta seletiva em Minas.<\/p>\n<p>As inscri\u00e7\u00f5es est\u00e3o abertas desde o dia 5\/4, data em que o edital foi publicado pela Semad. Elas devem ser realizadas via formul\u00e1rio eletr\u00f4nico do Google e atender a todos os crit\u00e9rios de habilita\u00e7\u00e3o exigidos. Podem se inscrever munic\u00edpios e cons\u00f3rcios p\u00fablicos intermunicipais de Minas que, se classificados, receber\u00e3o recursos financeiros por meio da celebra\u00e7\u00e3o de conv\u00eanios com a Semad para compra de equipamentos. O resultado da sele\u00e7\u00e3o ser\u00e1 publicado em 20\/5, no site da Semad.<\/p>\n<p>\u201cA coleta seletiva \u00e9 uma etapa fundamental na gest\u00e3o dos res\u00edduos s\u00f3lidos urbanos. Com esta sele\u00e7\u00e3o, o\u00a0<a href=\"https:\/\/www.mg.gov.br\/\" target=\"_blank\" rel=\"noopener\">Governo de Minas<\/a>\u00a0incentiva esses projetos nas cidades, trazendo melhorias na qualidade de vida da popula\u00e7\u00e3o, permitindo o cumprimento das determina\u00e7\u00f5es da Pol\u00edtica Nacional de Res\u00edduos S\u00f3lidos e possibilitando o retorno dos materiais recicl\u00e1veis ao ciclo produtivo\u201d, enfatiza o subsecret\u00e1rio de Gest\u00e3o Ambiental e Saneamento (Suges) da Semad, Rodrigo Franco.<\/p>\n<p>Confira o edital de chamada p\u00fablica\u00a0<a href=\"http:\/\/www.meioambiente.mg.gov.br\/images\/stories\/2022\/SANEAMENTO\/Editais\/Edital_de_Chamada_P%C3%BAblica_002_2022.pdf\" target=\"_blank\" rel=\"noopener\">neste link<\/a>.<\/p>\n<p>O formul\u00e1rio de inscri\u00e7\u00e3o est\u00e1 dispon\u00edvel\u00a0<a href=\"https:\/\/docs.google.com\/forms\/d\/e\/1FAIpQLSemHh5t84HC51xTwGtmvARdWhNg_GmrHTZNGyznYrzTXU0WIQ\/viewform\" target=\"_blank\" rel=\"noopener\">aqui<\/a>.<\/p>\n<p>Fonte: Ag\u00eancia Minas<\/p>\n","protected":false},"excerpt":{"rendered":"<p>Munic\u00edpios e cons\u00f3rcios p\u00fablicos intermunicipais de Minas Gerais t\u00eam at\u00e9 o dia 30\/4 para se inscreverem na sele\u00e7\u00e3o de projetos para implanta\u00e7\u00e3o ou amplia\u00e7\u00e3o de coletiva seletiva de res\u00edduos s\u00f3lidos urbanos do Edital de Chamada P\u00fablica n\u00ba002\/2022, da\u00a0Secretaria de Estado de Meio Ambiente e Desenvolvimento Sustent\u00e1vel (Semad). Ser\u00e3o investidos R$ 4,5 milh\u00f5es nas cidades classificadas, [&hellip;]<\/p>\n","protected":false},"author":246,"featured_media":198181,"comment_status":"closed","ping_status":"closed","sticky":false,"template":"","format":"standard","meta":{"footnotes":""},"categories":[436,254,439],"tags":[],"class_list":["post-198180","post","type-post","status-publish","format-standard","has-post-thumbnail","hentry","category-destaque-da-semana","category-politica","category-ultima-hora"],"_links":{"self":[{"href":"https:\/\/diarioregionaldigital.com.br\/index.php?rest_route=\/wp\/v2\/posts\/198180","targetHints":{"allow":["GET"]}}],"collection":[{"href":"https:\/\/diarioregionaldigital.com.br\/index.php?rest_route=\/wp\/v2\/posts"}],"about":[{"href":"https:\/\/diarioregionaldigital.com.br\/index.php?rest_route=\/wp\/v2\/types\/post"}],"author":[{"embeddable":true,"href":"https:\/\/diarioregionaldigital.com.br\/index.php?rest_route=\/wp\/v2\/users\/246"}],"replies":[{"embeddable":true,"href":"https:\/\/diarioregionaldigital.com.br\/index.php?rest_route=%2Fwp%2Fv2%2Fcomments&post=198180"}],"version-history":[{"count":1,"href":"https:\/\/diarioregionaldigital.com.br\/index.php?rest_route=\/wp\/v2\/posts\/198180\/revisions"}],"predecessor-version":[{"id":198182,"href":"https:\/\/diarioregionaldigital.com.br\/index.php?rest_route=\/wp\/v2\/posts\/198180\/revisions\/198182"}],"wp:featuredmedia":[{"embeddable":true,"href":"https:\/\/diarioregionaldigital.com.br\/index.php?rest_route=\/wp\/v2\/media\/198181"}],"wp:attachment":[{"href":"https:\/\/diarioregionaldigital.com.br\/index.php?rest_route=%2Fwp%2Fv2%2Fmedia&parent=198180"}],"wp:term":[{"taxonomy":"category","embeddable":true,"href":"https:\/\/diarioregionaldigital.com.br\/index.php?rest_route=%2Fwp%2Fv2%2Fcategories&post=198180"},{"taxonomy":"post_tag","embeddable":true,"href":"https:\/\/diarioregionaldigital.com.br\/index.php?rest_route=%2Fwp%2Fv2%2Ftags&post=198180"}],"curies":[{"name":"wp","href":"https:\/\/api.w.org\/{rel}","templated":true}]}}