{"id":198173,"date":"2022-04-28T20:06:20","date_gmt":"2022-04-28T23:06:20","guid":{"rendered":"https:\/\/diarioregionaldigital.com.br\/?p=198173"},"modified":"2022-04-28T20:06:20","modified_gmt":"2022-04-28T23:06:20","slug":"governo-de-minas-anuncia-o-projeto-trilhas-de-futuro-educadores","status":"publish","type":"post","link":"https:\/\/diarioregionaldigital.com.br\/?p=198173","title":{"rendered":"Governo de Minas anuncia o projeto Trilhas de Futuro &#8211; Educadores"},"content":{"rendered":"<p>Quando um governo investe na qualifica\u00e7\u00e3o de seus profissionais, est\u00e1 investindo tamb\u00e9m na qualidade do atendimento prestado \u00e0 comunidade. E,\u00a0neste Dia Mundial da Educa\u00e7\u00e3o (28\/4), o\u00a0<a href=\"http:\/\/www.mg.gov.br\/\" target=\"_blank\" rel=\"noopener\">Governo de Minas<\/a>\u00a0refor\u00e7a esse compromisso, com a apresenta\u00e7\u00e3o do\u00a0\u201c\u00a0Trilhas de Futuro \u2013 Educadores\u201d.<\/p>\n<p>A a\u00e7\u00e3o\u00a0tem por objetivo atender \u00e0s demandas relacionadas \u00e0 forma\u00e7\u00e3o continuada, capacita\u00e7\u00e3o e aperfei\u00e7oamento profissional do quadro de pessoal da\u00a0<a href=\"http:\/\/www.educacao.mg.gov.br\/\" target=\"_blank\" rel=\"noopener\">Secretaria de Estado de Educa\u00e7\u00e3o de Minas Gerais (SEE\/MG)<\/a>\u00a0e representa a maior oferta de p\u00f3s-gradua\u00e7\u00e3o j\u00e1 realizada aos servidores do Estado.<\/p>\n<p>\u201cEsta\u00a0\u00e9 a maior iniciativa de forma\u00e7\u00e3o continuada realizada em Minas e no Brasil. Contar\u00e1 com investimento de mais de R$ 240 milh\u00f5es do Estado. Ser\u00e3o diversas op\u00e7\u00f5es de cursos na modalidade de educa\u00e7\u00e3o a dist\u00e2ncia (EAD). Para os profissionais, essa \u00e9 uma possibilidade de avan\u00e7o na carreira, mas que tamb\u00e9m resultar\u00e1 na melhoria da qualidade do ensino ofertada aos estudantes mineiros\u201d, destacou o governador Romeu Zema, em v\u00eddeo divulgado nesta quinta-feira, anunciando a iniciativa.<\/p>\n<p><strong>Em a\u00e7\u00e3o<\/strong><\/p>\n<p>No Trilhas de Futuro \u2013 Educadores ser\u00e3o disponibilizados cursos de p\u00f3s-gradua\u00e7\u00e3o lato sensu (especializa\u00e7\u00e3o e MBA) e stricto sensu (mestrado e doutorado), por institui\u00e7\u00f5es de ensino superior, p\u00fablicas ou privadas, previamente credenciadas. O credenciamento das institui\u00e7\u00f5es interessadas foi feito pela SEE\/MG no in\u00edcio deste ano.<\/p>\n<p>Ser\u00e3o mais de 42 mil vagas em cursos que dialogam com a pr\u00e1tica dos profissionais da educa\u00e7\u00e3o, como ensino da matem\u00e1tica, Libras, coordena\u00e7\u00e3o pedag\u00f3gica, educa\u00e7\u00e3o integral, gest\u00e3o p\u00fablica, alfabetiza\u00e7\u00e3o e letramento, artes, entre outros.<\/p>\n<p>O principal objetivo da iniciativa \u00e9 capacitar os profissionais da Educa\u00e7\u00e3o, por meio da oferta de\u00a0forma\u00e7\u00e3o continuada, visando tamb\u00e9m \u00e0 melhoria dos servi\u00e7os prestados aos estudantes das escolas estaduais. Al\u00e9m disso, a a\u00e7\u00e3o\u00a0possibilita o desenvolvimento profissional dos servidores da Educa\u00e7\u00e3o, que podem avan\u00e7ar em suas carreiras (por meio das promo\u00e7\u00f5es previstas na legisla\u00e7\u00e3o vigente), e tamb\u00e9m a aproxima\u00e7\u00e3o da educa\u00e7\u00e3o b\u00e1sica com as institui\u00e7\u00f5es de ensino superior do estado.<\/p>\n<p>\u201cO programa se destaca pela diversidade na oferta de cursos, com grande abrang\u00eancia de conte\u00fados. A SEE\/MG fez um levantamento cuidadoso das necessidades de forma\u00e7\u00e3o dos profissionais das mais variadas carreiras e ter\u00e1 oferta de cursos em todas as regi\u00f5es do estado\u201d, explica a secret\u00e1ria de Estado de Educa\u00e7\u00e3o, Julia Sant\u2019Anna.<\/p>\n<p>As vagas para os cursos do programa ser\u00e3o custeadas pela SEE\/MG, sendo gratuita a participa\u00e7\u00e3o do profissional selecionado para as forma\u00e7\u00f5es.<\/p>\n<p>Poder\u00e3o participar servidores da SEE\/MG com gradua\u00e7\u00e3o em licenciatura, bacharelado ou superior tecnol\u00f3gico, ocupantes de cargo efetivo e est\u00e1vel das carreiras de Professor de Educa\u00e7\u00e3o B\u00e1sica (PEB); Especialista em Educa\u00e7\u00e3o B\u00e1sica (EEB); Analista Educacional (ANE) \/ Analista Educacional\/Inspetor Escolar (ANEI); Analista de Educa\u00e7\u00e3o B\u00e1sica (AEB); T\u00e9cnico da Educa\u00e7\u00e3o (TDE); Assistente T\u00e9cnico de Educa\u00e7\u00e3o B\u00e1sica (ATB); Assistente de Educa\u00e7\u00e3o (ASE). Tamb\u00e9m \u00e9 necess\u00e1rio estar em exerc\u00edcio na Unidade Central, Superintend\u00eancias Regionais de Ensino ou unidade escolar da SEE\/MG, entre outros.<\/p>\n<p>Os profissionais que participarem do Trilhas\u00a0dever\u00e3o se comprometer em continuar prestando servi\u00e7o para a SEE\/MG durante um per\u00edodo de tr\u00eas anos. Al\u00e9m disso, est\u00e1 previsto o ressarcimento ao Estado do valor correspondente ao financiamento do curso, nos casos de desist\u00eancia ou evas\u00e3o, ap\u00f3s in\u00edcio do curso; desempenho insatisfat\u00f3rio ou reprova\u00e7\u00e3o; exonera\u00e7\u00e3o do cargo efetivo da SEE\/MG, durante o per\u00edodo do curso ou ap\u00f3s o seu t\u00e9rmino, sem cumprir a contrapresta\u00e7\u00e3o.<\/p>\n<p><strong>Cronograma<\/strong><\/p>\n<p>Os profissionais que desejam participar da iniciativa\u00a0devem ficar atentos ao per\u00edodo de inscri\u00e7\u00e3o. O cadastro para os cursos de p\u00f3s-gradua\u00e7\u00e3o lato sensu (especializa\u00e7\u00e3o e MBA) dever\u00e1 ser feito no per\u00edodo de 4 a 13\/5, exclusivamente pela internet. A previs\u00e3o \u00e9 a de que as aulas tenham in\u00edcio em 30\/6.<\/p>\n<p>O cronograma para os cursos de mestrado e doutorado depender\u00e1 do cronograma\/edital das Institui\u00e7\u00f5es de Ensino Superior (IES) credenciadas. Nesses casos, al\u00e9m dos crit\u00e9rios do programa, o candidato ter\u00e1 que passar pelo processo seletivo da institui\u00e7\u00e3o.<\/p>\n<p><strong>Dia Mundial da Educa\u00e7\u00e3o<\/strong><\/p>\n<p>O Dia Mundial da Educa\u00e7\u00e3o \u00e9 comemorado nesta quinta-feira (28\/4). A data \u00e9 dedicada ao incentivo e conscientiza\u00e7\u00e3o sobre a import\u00e2ncia da educa\u00e7\u00e3o, seja escolar, social ou familiar, para a constru\u00e7\u00e3o de valores essenciais na vida em sociedade.<\/p>\n<p>A data foi institu\u00edda por l\u00edderes de 164 pa\u00edses \u2013 incluindo o Brasil \u2013 e simboliza o compromisso dessas na\u00e7\u00f5es com o desenvolvimento da educa\u00e7\u00e3o at\u00e9 2030. O Dia Mundial da Educa\u00e7\u00e3o foi estabelecido na cidade de Dakar, no Senegal, durante o F\u00f3rum Mundial de Educa\u00e7\u00e3o, realizado no ano 2000.<\/p>\n<p>Fonte: Ag\u00eancia Minas<\/p>\n","protected":false},"excerpt":{"rendered":"<p>Quando um governo investe na qualifica\u00e7\u00e3o de seus profissionais, est\u00e1 investindo tamb\u00e9m na qualidade do atendimento prestado \u00e0 comunidade. E,\u00a0neste Dia Mundial da Educa\u00e7\u00e3o (28\/4), o\u00a0Governo de Minas\u00a0refor\u00e7a esse compromisso, com a apresenta\u00e7\u00e3o do\u00a0\u201c\u00a0Trilhas de Futuro \u2013 Educadores\u201d. A a\u00e7\u00e3o\u00a0tem por objetivo atender \u00e0s demandas relacionadas \u00e0 forma\u00e7\u00e3o continuada, capacita\u00e7\u00e3o e aperfei\u00e7oamento profissional do quadro [&hellip;]<\/p>\n","protected":false},"author":246,"featured_media":198174,"comment_status":"closed","ping_status":"closed","sticky":false,"template":"","format":"standard","meta":{"footnotes":""},"categories":[436,440,254,439],"tags":[],"class_list":["post-198173","post","type-post","status-publish","format-standard","has-post-thumbnail","hentry","category-destaque-da-semana","category-destaques-do-dia","category-politica","category-ultima-hora"],"_links":{"self":[{"href":"https:\/\/diarioregionaldigital.com.br\/index.php?rest_route=\/wp\/v2\/posts\/198173","targetHints":{"allow":["GET"]}}],"collection":[{"href":"https:\/\/diarioregionaldigital.com.br\/index.php?rest_route=\/wp\/v2\/posts"}],"about":[{"href":"https:\/\/diarioregionaldigital.com.br\/index.php?rest_route=\/wp\/v2\/types\/post"}],"author":[{"embeddable":true,"href":"https:\/\/diarioregionaldigital.com.br\/index.php?rest_route=\/wp\/v2\/users\/246"}],"replies":[{"embeddable":true,"href":"https:\/\/diarioregionaldigital.com.br\/index.php?rest_route=%2Fwp%2Fv2%2Fcomments&post=198173"}],"version-history":[{"count":1,"href":"https:\/\/diarioregionaldigital.com.br\/index.php?rest_route=\/wp\/v2\/posts\/198173\/revisions"}],"predecessor-version":[{"id":198175,"href":"https:\/\/diarioregionaldigital.com.br\/index.php?rest_route=\/wp\/v2\/posts\/198173\/revisions\/198175"}],"wp:featuredmedia":[{"embeddable":true,"href":"https:\/\/diarioregionaldigital.com.br\/index.php?rest_route=\/wp\/v2\/media\/198174"}],"wp:attachment":[{"href":"https:\/\/diarioregionaldigital.com.br\/index.php?rest_route=%2Fwp%2Fv2%2Fmedia&parent=198173"}],"wp:term":[{"taxonomy":"category","embeddable":true,"href":"https:\/\/diarioregionaldigital.com.br\/index.php?rest_route=%2Fwp%2Fv2%2Fcategories&post=198173"},{"taxonomy":"post_tag","embeddable":true,"href":"https:\/\/diarioregionaldigital.com.br\/index.php?rest_route=%2Fwp%2Fv2%2Ftags&post=198173"}],"curies":[{"name":"wp","href":"https:\/\/api.w.org\/{rel}","templated":true}]}}