{"id":198170,"date":"2022-04-28T18:43:19","date_gmt":"2022-04-28T21:43:19","guid":{"rendered":"https:\/\/diarioregionaldigital.com.br\/?p=198170"},"modified":"2022-04-28T18:43:19","modified_gmt":"2022-04-28T21:43:19","slug":"confianca-do-comercio-cai-09-ponto-em-abril-diz-fgv","status":"publish","type":"post","link":"https:\/\/diarioregionaldigital.com.br\/?p=198170","title":{"rendered":"Confian\u00e7a do com\u00e9rcio cai 0,9 ponto em abril, diz FGV"},"content":{"rendered":"<p>O \u00cdndice de Confian\u00e7a do Com\u00e9rcio (ICOM), calculado pelo Instituto Brasileiro de Economia da Funda\u00e7\u00e3o Get\u00falio Vargas (FGV\/Ibre) caiu 0,9 ponto em abril, ao sair de 86,8 para 85,9 pontos.<img decoding=\"async\" src=\"https:\/\/agenciabrasil.ebc.com.br\/ebc.png?id=1456686&amp;o=node\" \/><img decoding=\"async\" src=\"https:\/\/agenciabrasil.ebc.com.br\/ebc.gif?id=1456686&amp;o=node\" \/><\/p>\n<p>No m\u00eas, dois dos seis principais segmentos do setor recuaram. A piora do \u00cdndice de Expectativas (IE-COM), novamente contribuiu para o resultado negativo. A queda desse indicador ficou em 6,8 pontos, atingindo 79,6 pontos, o que significa o menor patamar desde mar\u00e7o de 2021, quando alcan\u00e7ou 70,2 pontos. Movimento diferente teve o \u00cdndice de Situa\u00e7\u00e3o Atual (ISA-COM), que avan\u00e7ou 5,3 pontos e passou de 87,6 pontos para 92,9 pontos, o maior n\u00edvel desde outubro de 2021.<\/p>\n<p>O economista do FGV\/Ibre, Rodolpho Tobler, destacou que em abril, pelo segundo m\u00eas consecutivo, houve piora da confian\u00e7a do com\u00e9rcio em uma composi\u00e7\u00e3o semelhante a registrada no m\u00eas anterior. \u201cMais uma vez, o vi\u00e9s negativo do resultado foi puxado por uma nova queda significativa das expectativas em rela\u00e7\u00e3o aos pr\u00f3ximos meses. Por outro lado, a percep\u00e7\u00e3o do volume de vendas no m\u00eas corrente avan\u00e7ou, mas ainda \u00e9 preciso considerar que essas altas recentes ainda n\u00e3o devolveram todas as perdas sofridas desde o final de 2021\u201d, afirmou.<\/p>\n<p>Com rela\u00e7\u00e3o \u00e0s m\u00e9dias m\u00f3veis trimestrais, o ICOM subiu 0,3 ponto. Esse \u00e9 o segundo resultado positivo depois de um per\u00edodo de seis quedas.<\/p>\n<h2>Expectativas<\/h2>\n<p>Para os pr\u00f3ximos meses, segundo o economista, o cen\u00e1rio parece incerto, uma vez que as perspectivas dos empres\u00e1rios sobre vendas, tend\u00eancia dos neg\u00f3cios e emprego s\u00e3o de queda, o ambiente macroecon\u00f4mico complicado e a confian\u00e7a dos consumidores oscilando em patamar baixo.<\/p>\n<p>De acordo com o instituto, desde o final do ano passado, as quedas consecutivas do \u00cdndice de Situa\u00e7\u00e3o Atual (ISA-COM) colaboraram para a piora da confian\u00e7a do com\u00e9rcio. Este foi o motivo para o \u00edndice em m\u00e9dias m\u00f3veis trimestrais, ficar abaixo do n\u00edvel do \u00cdndice de Expectativas (IE-COM). No entanto, o desempenho dos \u00faltimos meses reverteu essa tend\u00eancia e aproximou o n\u00edvel dos dois \u00edndices. \u201cAtualmente, em m\u00e9dias m\u00f3veis trimestrais, ambos \u00edndices se aproximam na casa dos 87 pontos, o que ainda \u00e9 considerado um patamar baixo\u201d, informou o instituto.<\/p>\n<p>Fonte: Ag\u00eancia Brasil<\/p>\n","protected":false},"excerpt":{"rendered":"<p>O \u00cdndice de Confian\u00e7a do Com\u00e9rcio (ICOM), calculado pelo Instituto Brasileiro de Economia da Funda\u00e7\u00e3o Get\u00falio Vargas (FGV\/Ibre) caiu 0,9 ponto em abril, ao sair de 86,8 para 85,9 pontos. No m\u00eas, dois dos seis principais segmentos do setor recuaram. A piora do \u00cdndice de Expectativas (IE-COM), novamente contribuiu para o resultado negativo. A queda [&hellip;]<\/p>\n","protected":false},"author":246,"featured_media":198171,"comment_status":"closed","ping_status":"closed","sticky":false,"template":"","format":"standard","meta":{"footnotes":""},"categories":[436,261,439],"tags":[],"class_list":["post-198170","post","type-post","status-publish","format-standard","has-post-thumbnail","hentry","category-destaque-da-semana","category-economia","category-ultima-hora"],"_links":{"self":[{"href":"https:\/\/diarioregionaldigital.com.br\/index.php?rest_route=\/wp\/v2\/posts\/198170","targetHints":{"allow":["GET"]}}],"collection":[{"href":"https:\/\/diarioregionaldigital.com.br\/index.php?rest_route=\/wp\/v2\/posts"}],"about":[{"href":"https:\/\/diarioregionaldigital.com.br\/index.php?rest_route=\/wp\/v2\/types\/post"}],"author":[{"embeddable":true,"href":"https:\/\/diarioregionaldigital.com.br\/index.php?rest_route=\/wp\/v2\/users\/246"}],"replies":[{"embeddable":true,"href":"https:\/\/diarioregionaldigital.com.br\/index.php?rest_route=%2Fwp%2Fv2%2Fcomments&post=198170"}],"version-history":[{"count":1,"href":"https:\/\/diarioregionaldigital.com.br\/index.php?rest_route=\/wp\/v2\/posts\/198170\/revisions"}],"predecessor-version":[{"id":198172,"href":"https:\/\/diarioregionaldigital.com.br\/index.php?rest_route=\/wp\/v2\/posts\/198170\/revisions\/198172"}],"wp:featuredmedia":[{"embeddable":true,"href":"https:\/\/diarioregionaldigital.com.br\/index.php?rest_route=\/wp\/v2\/media\/198171"}],"wp:attachment":[{"href":"https:\/\/diarioregionaldigital.com.br\/index.php?rest_route=%2Fwp%2Fv2%2Fmedia&parent=198170"}],"wp:term":[{"taxonomy":"category","embeddable":true,"href":"https:\/\/diarioregionaldigital.com.br\/index.php?rest_route=%2Fwp%2Fv2%2Fcategories&post=198170"},{"taxonomy":"post_tag","embeddable":true,"href":"https:\/\/diarioregionaldigital.com.br\/index.php?rest_route=%2Fwp%2Fv2%2Ftags&post=198170"}],"curies":[{"name":"wp","href":"https:\/\/api.w.org\/{rel}","templated":true}]}}