{"id":198167,"date":"2022-04-28T18:40:44","date_gmt":"2022-04-28T21:40:44","guid":{"rendered":"https:\/\/diarioregionaldigital.com.br\/?p=198167"},"modified":"2022-04-28T18:40:44","modified_gmt":"2022-04-28T21:40:44","slug":"indice-de-confianca-de-servicos-sobe-4-pontos-em-abril-diz-fgv","status":"publish","type":"post","link":"https:\/\/diarioregionaldigital.com.br\/?p=198167","title":{"rendered":"\u00cdndice de Confian\u00e7a de Servi\u00e7os sobe 4 pontos em abril, diz FGV"},"content":{"rendered":"<p>O\u00a0\u00cdndice de Confian\u00e7a de Servi\u00e7os (ICS)\u00a0calculado pelo Instituto Brasileiro de Economia da Funda\u00e7\u00e3o Getulio Vargas (FGV\/Ibre) cresceu\u00a04 pontos em abril,\u00a0atingindo\u00a096,2 pontos.\u00a0Este \u00e9 o\u00a0maior n\u00edvel desde novembro de 2021,\u00a0quando alcan\u00e7ou\u00a096,8 pontos. Em m\u00e9dias m\u00f3veis trimestrais,\u00a0a alta no \u00edndice\u00a0chegou a\u00a01,7 ponto,\u00a0sendo a\u00a0primeira no ano.<img decoding=\"async\" src=\"https:\/\/agenciabrasil.ebc.com.br\/ebc.png?id=1456676&amp;o=node\" \/><img decoding=\"async\" src=\"https:\/\/agenciabrasil.ebc.com.br\/ebc.gif?id=1456676&amp;o=node\" \/><\/p>\n<p>A eleva\u00e7\u00e3o do indicador foi espalhada em 12 dos 13 segmentos pesquisados. De acordo com o Ibre, o resultado\u00a0de abril\u00a0teve influ\u00eancia da melhora na avalia\u00e7\u00e3o das empresas sobre a situa\u00e7\u00e3o atual e das perspectivas para os pr\u00f3ximos meses.<\/p>\n<p>O \u00cdndice de Situa\u00e7\u00e3o Atual (ISA-S) subiu 5,1 pontos, passando para 96 pontos, que \u00e9 o maior n\u00edvel desde abril de 2014. L\u00e1, havia atingido 96,3 pontos. O \u00cdndice de Expectativas (IE-S) tamb\u00e9m avan\u00e7ou. A alta ficou em 2,9 pontos, chegando a 96,6 pontos. \u00c9\u00a0o maior n\u00edvel desde dezembro do ano passado, quando alcan\u00e7ou 98,7 pontos.<\/p>\n<p>Para o economista do FGV\/Ibre, Rodolpho Tobler,\u00a0o avan\u00e7o pelo segundo m\u00eas seguido na\u00a0confian\u00e7a de servi\u00e7os\u00a0sugere\u00a0volta ao padr\u00e3o de retomada ocorrido ao longo de 2021.\u00a0Segundo Tobler, o\u00a0resultado foi disseminado entre os principais segmentos e mais influenciado pelo segmento de servi\u00e7os prestados \u00e0s fam\u00edlias, que,\u00a0na avalia\u00e7\u00e3o do economista,\u00a0demonstram\u00a0responder positivamente, ap\u00f3s o surto de \u00d4micron que ocorreu\u00a0no in\u00edcio de 2022.<\/p>\n<p>\u201cA melhora tamb\u00e9m foi difusa entre indicadores sobre o presente e de expectativas. Para os pr\u00f3ximos meses, ainda \u00e9 poss\u00edvel imaginar continuidade de recupera\u00e7\u00e3o. O setor de servi\u00e7os foi o que mais sofreu ao longo da pandemia. Contudo, altas mais expressivas ainda dependem de melhora do cen\u00e1rio macroecon\u00f4mico\u201d,\u00a0observou.<\/p>\n<h2>Fam\u00edlias<\/h2>\n<p>Um dos principais destaques no resultado positivo do m\u00eas, disseminado entre os principais segmentos do setor, voltou a ser o de servi\u00e7os prestados \u00e0s fam\u00edlias. No ano passado, influenciado pelos altos \u00edndices de vacina\u00e7\u00e3o no pa\u00eds e flexibiliza\u00e7\u00e3o das restri\u00e7\u00f5es impostas pelo combate ao v\u00edrus, o\u00a0segmento contribuiu positivamente para a recupera\u00e7\u00e3o do setor.<\/p>\n<p>Apesar disso, na virada para 2022, com o aparecimento da variante \u00d4micron, o recuo nos servi\u00e7os prestados \u00e0s fam\u00edlias se mostrou mais intenso. Mas a alta da confian\u00e7a, nos \u00faltimos meses, j\u00e1 recuperou o que foi perdido nos primeiros meses deste ano com a melhora dos n\u00fameros da pandemia e voltou a puxar a retomada do setor.<\/p>\n<p>Fonte: Ag\u00eancia Brasil<\/p>\n","protected":false},"excerpt":{"rendered":"<p>O\u00a0\u00cdndice de Confian\u00e7a de Servi\u00e7os (ICS)\u00a0calculado pelo Instituto Brasileiro de Economia da Funda\u00e7\u00e3o Getulio Vargas (FGV\/Ibre) cresceu\u00a04 pontos em abril,\u00a0atingindo\u00a096,2 pontos.\u00a0Este \u00e9 o\u00a0maior n\u00edvel desde novembro de 2021,\u00a0quando alcan\u00e7ou\u00a096,8 pontos. Em m\u00e9dias m\u00f3veis trimestrais,\u00a0a alta no \u00edndice\u00a0chegou a\u00a01,7 ponto,\u00a0sendo a\u00a0primeira no ano. A eleva\u00e7\u00e3o do indicador foi espalhada em 12 dos 13 segmentos pesquisados. De [&hellip;]<\/p>\n","protected":false},"author":246,"featured_media":198168,"comment_status":"closed","ping_status":"closed","sticky":false,"template":"","format":"standard","meta":{"footnotes":""},"categories":[436,261,439],"tags":[],"class_list":["post-198167","post","type-post","status-publish","format-standard","has-post-thumbnail","hentry","category-destaque-da-semana","category-economia","category-ultima-hora"],"_links":{"self":[{"href":"https:\/\/diarioregionaldigital.com.br\/index.php?rest_route=\/wp\/v2\/posts\/198167","targetHints":{"allow":["GET"]}}],"collection":[{"href":"https:\/\/diarioregionaldigital.com.br\/index.php?rest_route=\/wp\/v2\/posts"}],"about":[{"href":"https:\/\/diarioregionaldigital.com.br\/index.php?rest_route=\/wp\/v2\/types\/post"}],"author":[{"embeddable":true,"href":"https:\/\/diarioregionaldigital.com.br\/index.php?rest_route=\/wp\/v2\/users\/246"}],"replies":[{"embeddable":true,"href":"https:\/\/diarioregionaldigital.com.br\/index.php?rest_route=%2Fwp%2Fv2%2Fcomments&post=198167"}],"version-history":[{"count":1,"href":"https:\/\/diarioregionaldigital.com.br\/index.php?rest_route=\/wp\/v2\/posts\/198167\/revisions"}],"predecessor-version":[{"id":198169,"href":"https:\/\/diarioregionaldigital.com.br\/index.php?rest_route=\/wp\/v2\/posts\/198167\/revisions\/198169"}],"wp:featuredmedia":[{"embeddable":true,"href":"https:\/\/diarioregionaldigital.com.br\/index.php?rest_route=\/wp\/v2\/media\/198168"}],"wp:attachment":[{"href":"https:\/\/diarioregionaldigital.com.br\/index.php?rest_route=%2Fwp%2Fv2%2Fmedia&parent=198167"}],"wp:term":[{"taxonomy":"category","embeddable":true,"href":"https:\/\/diarioregionaldigital.com.br\/index.php?rest_route=%2Fwp%2Fv2%2Fcategories&post=198167"},{"taxonomy":"post_tag","embeddable":true,"href":"https:\/\/diarioregionaldigital.com.br\/index.php?rest_route=%2Fwp%2Fv2%2Ftags&post=198167"}],"curies":[{"name":"wp","href":"https:\/\/api.w.org\/{rel}","templated":true}]}}