{"id":198164,"date":"2022-04-28T18:39:19","date_gmt":"2022-04-28T21:39:19","guid":{"rendered":"https:\/\/diarioregionaldigital.com.br\/?p=198164"},"modified":"2022-04-28T18:39:19","modified_gmt":"2022-04-28T21:39:19","slug":"inflacao-do-aluguel-sobe-141-em-abril","status":"publish","type":"post","link":"https:\/\/diarioregionaldigital.com.br\/?p=198164","title":{"rendered":"Infla\u00e7\u00e3o do aluguel sobe 1,41% em abril"},"content":{"rendered":"<p>O \u00cdndice Geral de Pre\u00e7os \u2013 Mercado (IGP-M), que mede a infla\u00e7\u00e3o do aluguel, subiu 1,41% em abril, ante 1,74% no m\u00eas anterior. Com o resultado, o \u00edndice acumula alta de 6,98% no ano e de 14,66% em 12 meses. Em abril de 2021, o \u00edndice havia subido 1,51% e acumulava alta de 32,02% em 12 meses.<img decoding=\"async\" src=\"https:\/\/agenciabrasil.ebc.com.br\/ebc.png?id=1456673&amp;o=node\" \/><img decoding=\"async\" src=\"https:\/\/agenciabrasil.ebc.com.br\/ebc.gif?id=1456673&amp;o=node\" \/><\/p>\n<p>Os dados foram divulgados hoje (28) pelo Instituto Brasileiro de Economia da Funda\u00e7\u00e3o Getulio Vargas (Ibre\/FGV).<\/p>\n<h2>IPA<\/h2>\n<p>O \u00cdndice de Pre\u00e7os ao Produtor Amplo (IPA) subiu 1,45% em abril, ante 2,07% em mar\u00e7o. Na an\u00e1lise por est\u00e1gios de processamento, a taxa do grupo Bens Finais subiu 3,10% em abril. No m\u00eas anterior, a taxa do grupo havia sido de 2,75%.<\/p>\n<p>Segundo o Ibre\/FGV, a principal contribui\u00e7\u00e3o para esse resultado partiu do subgrupo combust\u00edveis para o consumo, cuja taxa passou de 4,60% para 10,80%, no mesmo per\u00edodo. O \u00edndice relativo a Bens Finais, que exclui os subgrupos alimentos\u00a0<em>in natura\u00a0<\/em>e combust\u00edveis para o consumo, subiu 2,04% em abril ante 1,56% no m\u00eas anterior.<\/p>\n<p>A taxa do grupo Bens Intermedi\u00e1rios passou de 2,06% em mar\u00e7o para 3,40% em abril. O principal respons\u00e1vel pelo resultado foi o subgrupo combust\u00edveis e lubrificantes para a produ\u00e7\u00e3o, cujo percentual passou de 8,02% para 12,04%. O \u00edndice de Bens Intermedi\u00e1rios, obtido ap\u00f3s a exclus\u00e3o do subgrupo combust\u00edveis e lubrificantes para a produ\u00e7\u00e3o, subiu 1,78% em abril, ap\u00f3s variar 1,02% em mar\u00e7o.<\/p>\n<p>O est\u00e1gio das Mat\u00e9rias-Primas Brutas caiu 1,82% em abril, ap\u00f3s registrar alta de 1,53% em mar\u00e7o. \u201cContribu\u00edram para o recuo da taxa do grupo os seguintes itens: soja em gr\u00e3o (7,28% para -7,02%), milho em gr\u00e3o (2,48% para -7,22%) e su\u00ednos (10,05% para -3,99%). Em sentido oposto, destacam-se os itens aves (1,77% para 15,47%), mandioca\/aipim (-2,30% para 12,35%) e leite in natura (3,30% para 8,80%)\u201d, informou a FGV.<\/p>\n<p>Segundo o coordenador dos \u00cdndices de Pre\u00e7os, Andr\u00e9 Braz, importantes\u00a0<em>commodities\u00a0<\/em>agr\u00edcolas contribu\u00edram para o arrefecimento da infla\u00e7\u00e3o ao produtor. \u201cSoja, milho e caf\u00e9, gr\u00e3os que respondem por 13% do IPA, apresentaram queda m\u00e9dia de 7,3% e contribu\u00edram para o recuo de 1 ponto percentual na taxa do IPA. A desacelera\u00e7\u00e3o s\u00f3 n\u00e3o foi mais expressiva, dado o aumento dos pre\u00e7os do Diesel (14,70%), da gasolina (11,29%) e dos adubos\/fertilizantes (10,45%), que responderam por 60% da infla\u00e7\u00e3o ao produtor\u201d, afirmou o pesquisador, em nota.<\/p>\n<h2>IPC<\/h2>\n<p>O \u00cdndice de Pre\u00e7os ao Consumidor (IPC) subiu 1,53% em abril, ante 0,86% em mar\u00e7o. Todas as classes de despesa componentes do \u00edndice registraram acr\u00e9scimo em suas taxas de varia\u00e7\u00e3o. A principal contribui\u00e7\u00e3o partiu do grupo Transportes (1,15% para 2,94%). Segundo a FGV, nessa classe de despesa, o destaque \u00e9 o comportamento do item gasolina, cuja taxa passou de 1,36% em mar\u00e7o para 5,86% em abril.<\/p>\n<p>Tamb\u00e9m apresentaram acr\u00e9scimo em suas taxas de varia\u00e7\u00e3o os grupos educa\u00e7\u00e3o, leitura e recrea\u00e7\u00e3o (0,44% para 1,57%), sa\u00fade e cuidados pessoais (0,17% para 0,75%), habita\u00e7\u00e3o (0,75% para 0,93%), despesas diversas (0,26% para 0,84%), alimenta\u00e7\u00e3o (1,73% para 1,82%), vestu\u00e1rio (0,91% para 1,23%) e comunica\u00e7\u00e3o (-0,12% para 0%).<\/p>\n<p>\u201cNestas classes de despesa, vale mencionar os seguintes itens: passagem a\u00e9rea (1,73% para 9,50%), medicamentos em geral (0,26% para 2,44%), g\u00e1s de buj\u00e3o (2,02% para 6,07%), servi\u00e7os banc\u00e1rios (0,20% para 1,24%), aves e ovos (0,33% para 2,38%), cal\u00e7ados (0,68% para 1,65%) e tarifa de telefone residencial (-1,26% para 0,73%)\u201d, informou a FGV.<\/p>\n<h2>INCC<\/h2>\n<p>O \u00cdndice Nacional de Custo da Constru\u00e7\u00e3o (INCC) variou 0,87% em abril, ante 0,73% em mar\u00e7o. Os tr\u00eas grupos componentes do INCC registraram as seguintes varia\u00e7\u00f5es na passagem de mar\u00e7o para abril: materiais e equipamentos (0,29% para 1,35%), servi\u00e7os (0,79% para 0,73%) e m\u00e3o de obra (1,12% para 0,46%).<\/p>\n<p>Fonte: Ag\u00eancia Brasil<\/p>\n","protected":false},"excerpt":{"rendered":"<p>O \u00cdndice Geral de Pre\u00e7os \u2013 Mercado (IGP-M), que mede a infla\u00e7\u00e3o do aluguel, subiu 1,41% em abril, ante 1,74% no m\u00eas anterior. Com o resultado, o \u00edndice acumula alta de 6,98% no ano e de 14,66% em 12 meses. Em abril de 2021, o \u00edndice havia subido 1,51% e acumulava alta de 32,02% em [&hellip;]<\/p>\n","protected":false},"author":246,"featured_media":198165,"comment_status":"closed","ping_status":"closed","sticky":false,"template":"","format":"standard","meta":{"footnotes":""},"categories":[436,261,439],"tags":[],"class_list":["post-198164","post","type-post","status-publish","format-standard","has-post-thumbnail","hentry","category-destaque-da-semana","category-economia","category-ultima-hora"],"_links":{"self":[{"href":"https:\/\/diarioregionaldigital.com.br\/index.php?rest_route=\/wp\/v2\/posts\/198164","targetHints":{"allow":["GET"]}}],"collection":[{"href":"https:\/\/diarioregionaldigital.com.br\/index.php?rest_route=\/wp\/v2\/posts"}],"about":[{"href":"https:\/\/diarioregionaldigital.com.br\/index.php?rest_route=\/wp\/v2\/types\/post"}],"author":[{"embeddable":true,"href":"https:\/\/diarioregionaldigital.com.br\/index.php?rest_route=\/wp\/v2\/users\/246"}],"replies":[{"embeddable":true,"href":"https:\/\/diarioregionaldigital.com.br\/index.php?rest_route=%2Fwp%2Fv2%2Fcomments&post=198164"}],"version-history":[{"count":1,"href":"https:\/\/diarioregionaldigital.com.br\/index.php?rest_route=\/wp\/v2\/posts\/198164\/revisions"}],"predecessor-version":[{"id":198166,"href":"https:\/\/diarioregionaldigital.com.br\/index.php?rest_route=\/wp\/v2\/posts\/198164\/revisions\/198166"}],"wp:featuredmedia":[{"embeddable":true,"href":"https:\/\/diarioregionaldigital.com.br\/index.php?rest_route=\/wp\/v2\/media\/198165"}],"wp:attachment":[{"href":"https:\/\/diarioregionaldigital.com.br\/index.php?rest_route=%2Fwp%2Fv2%2Fmedia&parent=198164"}],"wp:term":[{"taxonomy":"category","embeddable":true,"href":"https:\/\/diarioregionaldigital.com.br\/index.php?rest_route=%2Fwp%2Fv2%2Fcategories&post=198164"},{"taxonomy":"post_tag","embeddable":true,"href":"https:\/\/diarioregionaldigital.com.br\/index.php?rest_route=%2Fwp%2Fv2%2Ftags&post=198164"}],"curies":[{"name":"wp","href":"https:\/\/api.w.org\/{rel}","templated":true}]}}