{"id":198070,"date":"2022-04-26T20:36:25","date_gmt":"2022-04-26T23:36:25","guid":{"rendered":"https:\/\/diarioregionaldigital.com.br\/?p=198070"},"modified":"2022-04-26T20:36:25","modified_gmt":"2022-04-26T23:36:25","slug":"selecao-paralimpica-treina-em-sao-paulo-para-campeonatos-na-europa","status":"publish","type":"post","link":"https:\/\/diarioregionaldigital.com.br\/?p=198070","title":{"rendered":"Sele\u00e7\u00e3o paral\u00edmpica treina em S\u00e3o Paulo para campeonatos na Europa"},"content":{"rendered":"<p>Prepara\u00e7\u00e3o intensiva visando a busca por resultados expressivos nos grandes desafios do pr\u00f3ximo m\u00eas. \u00c9 com essa finalidade que a Confedera\u00e7\u00e3o Brasileira de T\u00eanis de Mesa promove, a partir desde o domingo (24.04), em S\u00e3o Paulo, a I Semana de Treinamento das Sele\u00e7\u00f5es Paral\u00edmpicas em 2022.<\/p>\n<p>O per\u00edodo de atividades segue at\u00e9 30 de abril no Centro de Treinamento Paral\u00edmpico Brasileiro, na capital paulista. A prepara\u00e7\u00e3o tem como objetivo a disputa de duas competi\u00e7\u00f5es em maio, na Europa: o Aberto da Fran\u00e7a, em Saint Quentin en Yvelines (de 5 a 8), e o Aberto da Eslov\u00eania, em Lasko (de 11 a 14).<\/p>\n<p>No masculino, foram convocados Aloisio Lima e Conrado Contessi (classe 1); Guilherme Costa e Iranildo Esp\u00edndola (classe 2); F\u00e1bio Silva (classe 3); Lucas Arabian (classe 5); Israel Stroh e Paulo Salmin (classe 7); Luiz Filipe Manara (classe 8); Lucas Carvalho (classe 9); Carlos Carbinatti, Cl\u00e1udio Massad e Gabriel Antunes (classe 10).<\/p>\n<p>No feminino, participam as seguintes atletas: Catia Oliveira (classe 2); Tha\u00eds Severo (classe 3); Joyce Oliveira e Marliane Santos (classe 4); Sophia Kelmer (classe 8); Danielle Rauen e Jennyfer Parinos (classe 9); e Bruna Alexandre (classe 10).<\/p>\n<p>\u201cAp\u00f3s a Paralimp\u00edada de T\u00f3quio, \u00e9 a primeira vez que reunimos a maioria dos atletas de alto n\u00edvel com a Sele\u00e7\u00e3o permanente. \u00c9 um per\u00edodo importante para n\u00f3s\u201d, disse Paulo Molitor, t\u00e9cnico da Sele\u00e7\u00e3o, lembrando que as competi\u00e7\u00f5es na Fran\u00e7a e na Eslov\u00eania ter\u00e3o novidades.<\/p>\n<p>\u201cSaiu a competi\u00e7\u00e3o por equipes e entraram as competi\u00e7\u00f5es de duplas e de duplas mistas. Os treinamentos levar\u00e3o isso em considera\u00e7\u00e3o. Ser\u00e1 um ajuste para essas competi\u00e7\u00f5es, lembrando que a maioria dos atletas que jogar\u00e1 o Mundial no final do ano estar\u00e1 treinando conosco&#8221;, disse o treinador.<\/p>\n<p>Segundo ele, o planejamento \u00e9 dar ao grupo ritmo de competi\u00e7\u00e3o, fazendo o m\u00e1ximo de partidas poss\u00edveis, individuais e, principalmente, de duplas e duplas mistas. &#8220;Alguns atletas jogar\u00e3o mais de uma competi\u00e7\u00e3o e vamos simular essas situa\u00e7\u00f5es\u201d, explica Molitor.<\/p>\n<p>Al\u00e9m do profissional, a comiss\u00e3o t\u00e9cnica tem a presen\u00e7a dos treinadores Alexandre Ghizi, Andrews Martins e Celso Toshimi; do preparador f\u00edsico Felipe Claudiano; do l\u00edder de sele\u00e7\u00f5es paral\u00edmpicas, Raphael Moreira; e da staff Tayn\u00e1 Campos.<\/p>\n<p>Fonte: Confedera\u00e7\u00e3o Brasileira de T\u00eanis de Mesa<\/p>\n","protected":false},"excerpt":{"rendered":"<p>Prepara\u00e7\u00e3o intensiva visando a busca por resultados expressivos nos grandes desafios do pr\u00f3ximo m\u00eas. \u00c9 com essa finalidade que a Confedera\u00e7\u00e3o Brasileira de T\u00eanis de Mesa promove, a partir desde o domingo (24.04), em S\u00e3o Paulo, a I Semana de Treinamento das Sele\u00e7\u00f5es Paral\u00edmpicas em 2022. O per\u00edodo de atividades segue at\u00e9 30 de abril [&hellip;]<\/p>\n","protected":false},"author":246,"featured_media":198071,"comment_status":"closed","ping_status":"closed","sticky":false,"template":"","format":"standard","meta":{"footnotes":""},"categories":[436,257,439],"tags":[],"class_list":["post-198070","post","type-post","status-publish","format-standard","has-post-thumbnail","hentry","category-destaque-da-semana","category-esporte","category-ultima-hora"],"_links":{"self":[{"href":"https:\/\/diarioregionaldigital.com.br\/index.php?rest_route=\/wp\/v2\/posts\/198070","targetHints":{"allow":["GET"]}}],"collection":[{"href":"https:\/\/diarioregionaldigital.com.br\/index.php?rest_route=\/wp\/v2\/posts"}],"about":[{"href":"https:\/\/diarioregionaldigital.com.br\/index.php?rest_route=\/wp\/v2\/types\/post"}],"author":[{"embeddable":true,"href":"https:\/\/diarioregionaldigital.com.br\/index.php?rest_route=\/wp\/v2\/users\/246"}],"replies":[{"embeddable":true,"href":"https:\/\/diarioregionaldigital.com.br\/index.php?rest_route=%2Fwp%2Fv2%2Fcomments&post=198070"}],"version-history":[{"count":1,"href":"https:\/\/diarioregionaldigital.com.br\/index.php?rest_route=\/wp\/v2\/posts\/198070\/revisions"}],"predecessor-version":[{"id":198072,"href":"https:\/\/diarioregionaldigital.com.br\/index.php?rest_route=\/wp\/v2\/posts\/198070\/revisions\/198072"}],"wp:featuredmedia":[{"embeddable":true,"href":"https:\/\/diarioregionaldigital.com.br\/index.php?rest_route=\/wp\/v2\/media\/198071"}],"wp:attachment":[{"href":"https:\/\/diarioregionaldigital.com.br\/index.php?rest_route=%2Fwp%2Fv2%2Fmedia&parent=198070"}],"wp:term":[{"taxonomy":"category","embeddable":true,"href":"https:\/\/diarioregionaldigital.com.br\/index.php?rest_route=%2Fwp%2Fv2%2Fcategories&post=198070"},{"taxonomy":"post_tag","embeddable":true,"href":"https:\/\/diarioregionaldigital.com.br\/index.php?rest_route=%2Fwp%2Fv2%2Ftags&post=198070"}],"curies":[{"name":"wp","href":"https:\/\/api.w.org\/{rel}","templated":true}]}}