{"id":198067,"date":"2022-04-26T20:34:38","date_gmt":"2022-04-26T23:34:38","guid":{"rendered":"https:\/\/diarioregionaldigital.com.br\/?p=198067"},"modified":"2022-04-26T20:34:38","modified_gmt":"2022-04-26T23:34:38","slug":"sul-americana-flu-mira-reabilitacao-contra-union-santa-fe-no-maracana","status":"publish","type":"post","link":"https:\/\/diarioregionaldigital.com.br\/?p=198067","title":{"rendered":"Sul-Americana: Flu mira reabilita\u00e7\u00e3o contra Uni\u00f3n Santa Fe no Maracan\u00e3"},"content":{"rendered":"<p>O Fluminense recebe o Uni\u00f3n Santa Fe (Argentina) no Maracan\u00e3 na noite desta\u00a0<span id=\"OBJ_PREFIX_DWT328_com_zimbra_date\" role=\"link\"><span id=\"OBJ_PREFIX_DWT339_com_zimbra_date\" role=\"link\">ter<\/span><\/span>\u00e7a-feira (26), pela terceira rodada da fase de grupos da Copa Sul-Americana. A partida contra os hermanos ser\u00e1 a chance de o\u00a0Tricolor carioca se reabilitar da derrota\u00a0por 1 a 0 em casa, para o Internacional, no \u00faltimo s\u00e1bado (23), pelo\u00a0Campeonato Brasileiro. A partida pelo Grupo H da Sul-Americana, com in\u00edcio \u00e0s\u00a021h30 (hor\u00e1rio de Bras\u00edlia), ser\u00e1 transmitida ao vivo na\u00a0<a href=\"https:\/\/radios.ebc.com.br\/radionacional\"><strong>R\u00e1dio Nacional,<\/strong><\/a>\u00a0com narra\u00e7\u00e3o de\u00a0\u00a0Andr\u00e9 Marques, coment\u00e1rios de Waldir Luiz, reportagem de Rodrigo Ricardo e plant\u00e3o de not\u00edcias com\u00a0Bruno Mendes.\u00a0<img decoding=\"async\" src=\"https:\/\/agenciabrasil.ebc.com.br\/ebc.png?id=1456054&amp;o=node\" \/><img decoding=\"async\" src=\"https:\/\/agenciabrasil.ebc.com.br\/ebc.gif?id=1456054&amp;o=node\" \/><\/p>\n<p>O t\u00e9cnico Abel Braga voltou a reclamar do calend\u00e1rio e do excesso de competi\u00e7\u00f5es.<\/p>\n<p>&#8220;O neg\u00f3cio est\u00e1 brabo: em seis dias, tr\u00eas jogos e tr\u00eas noites de sono perdidas viajando. Est\u00e1 complicado, desumano para todo mundo&#8221;, lamentou.<\/p>\n<p>O treinador tamb\u00e9m analisou o advers\u00e1rio desta ter\u00e7a (26).<\/p>\n<p>\u201cVamos ver se a gente tenta alguma coisa diferente, porque n\u00e3o tem m\u00e1gica. Vamos jogar contra um time relativamente novo, mexe muito, muito forte, muita movimenta\u00e7\u00e3o, e n\u00f3s temos que entrar preparados&#8221;, concluiu.<\/p>\n<p>Fluminense e Uni\u00f3n Santa Fe est\u00e3o no grupo H da Sul-Americana, liderado no momento pelos colombianos do Junior Barranquilla (quatro pontos) e um saldo de gols maior que o Santa F\u00e9, o segundo colocado. J\u00e1 o time carioca ocupa a terceira posi\u00e7\u00e3o com tr\u00eas pontos e na lanterna da chave est\u00e1 Oriente Petrolero (Bol\u00edvia), com nenhum ponto marcado. Pelo regulamento, apenas o primeiro colocado de cada grupo avan\u00e7a \u00e0s oitavas de final da competi\u00e7\u00e3o.<\/p>\n<p>Fonte: Ag\u00eancia Brasil<\/p>\n","protected":false},"excerpt":{"rendered":"<p>O Fluminense recebe o Uni\u00f3n Santa Fe (Argentina) no Maracan\u00e3 na noite desta\u00a0ter\u00e7a-feira (26), pela terceira rodada da fase de grupos da Copa Sul-Americana. A partida contra os hermanos ser\u00e1 a chance de o\u00a0Tricolor carioca se reabilitar da derrota\u00a0por 1 a 0 em casa, para o Internacional, no \u00faltimo s\u00e1bado (23), pelo\u00a0Campeonato Brasileiro. A partida [&hellip;]<\/p>\n","protected":false},"author":246,"featured_media":198068,"comment_status":"closed","ping_status":"closed","sticky":false,"template":"","format":"standard","meta":{"footnotes":""},"categories":[436,257,439],"tags":[],"class_list":["post-198067","post","type-post","status-publish","format-standard","has-post-thumbnail","hentry","category-destaque-da-semana","category-esporte","category-ultima-hora"],"_links":{"self":[{"href":"https:\/\/diarioregionaldigital.com.br\/index.php?rest_route=\/wp\/v2\/posts\/198067","targetHints":{"allow":["GET"]}}],"collection":[{"href":"https:\/\/diarioregionaldigital.com.br\/index.php?rest_route=\/wp\/v2\/posts"}],"about":[{"href":"https:\/\/diarioregionaldigital.com.br\/index.php?rest_route=\/wp\/v2\/types\/post"}],"author":[{"embeddable":true,"href":"https:\/\/diarioregionaldigital.com.br\/index.php?rest_route=\/wp\/v2\/users\/246"}],"replies":[{"embeddable":true,"href":"https:\/\/diarioregionaldigital.com.br\/index.php?rest_route=%2Fwp%2Fv2%2Fcomments&post=198067"}],"version-history":[{"count":1,"href":"https:\/\/diarioregionaldigital.com.br\/index.php?rest_route=\/wp\/v2\/posts\/198067\/revisions"}],"predecessor-version":[{"id":198069,"href":"https:\/\/diarioregionaldigital.com.br\/index.php?rest_route=\/wp\/v2\/posts\/198067\/revisions\/198069"}],"wp:featuredmedia":[{"embeddable":true,"href":"https:\/\/diarioregionaldigital.com.br\/index.php?rest_route=\/wp\/v2\/media\/198068"}],"wp:attachment":[{"href":"https:\/\/diarioregionaldigital.com.br\/index.php?rest_route=%2Fwp%2Fv2%2Fmedia&parent=198067"}],"wp:term":[{"taxonomy":"category","embeddable":true,"href":"https:\/\/diarioregionaldigital.com.br\/index.php?rest_route=%2Fwp%2Fv2%2Fcategories&post=198067"},{"taxonomy":"post_tag","embeddable":true,"href":"https:\/\/diarioregionaldigital.com.br\/index.php?rest_route=%2Fwp%2Fv2%2Ftags&post=198067"}],"curies":[{"name":"wp","href":"https:\/\/api.w.org\/{rel}","templated":true}]}}