{"id":198060,"date":"2022-04-26T20:30:47","date_gmt":"2022-04-26T23:30:47","guid":{"rendered":"https:\/\/diarioregionaldigital.com.br\/?p=198060"},"modified":"2022-04-26T20:30:47","modified_gmt":"2022-04-26T23:30:47","slug":"cbf-demite-diretor-do-var-e-9-integrantes-da-comissao-de-arbitragem","status":"publish","type":"post","link":"https:\/\/diarioregionaldigital.com.br\/?p=198060","title":{"rendered":"CBF demite diretor do VAR e 9 integrantes da comiss\u00e3o de arbitragem"},"content":{"rendered":"<p>A CBF anunciou a sa\u00edda do gerente do projeto VAR, S\u00e9rgio Corr\u00eaa e outros nove integrantes da comiss\u00e3o de arbitragem. Em\u00a0<a href=\"https:\/\/www.cbf.com.br\/a-cbf\/informes\/arbitragem\/mudancas-na-comissao-de-arbitragem-da-cbf\">nota oficial<\/a>, publicada na noite de\u00a0segunda-feira (25), a entidade arfimou\u00a0que as mudan\u00e7as fazem parte do processo de reestrutura\u00e7\u00e3o do departamento de arbitragem, cujo novo presidente, Wilson Seneme, tomou posse em 7 de abril.<img decoding=\"async\" src=\"https:\/\/agenciabrasil.ebc.com.br\/ebc.png?id=1456167&amp;o=node\" \/><img decoding=\"async\" src=\"https:\/\/agenciabrasil.ebc.com.br\/ebc.gif?id=1456167&amp;o=node\" \/><\/p>\n<p>Al\u00e9m de S\u00e9rgio Corr\u00eaa, que ingressou em 2016 na entidade como presidente da comiss\u00e3o, foram demitidos Marcos Marinho (chefe do Centro de Desenvolvimento da Arbitragem); Manoel Serapi\u00e3o (diretor-presidente da Escola Nacional de Arbitragem); \u00a0Almir Mello, Jos\u00e9 Roberto Wright e Nilson Mon\u00e7\u00e3o (analistas do Centro de Desenvolvimento da Arbitragem); Cl\u00e1udio Vin\u00edcius Cerdeira (ex-integrante da Comiss\u00e3o de Arbitragem); Jos\u00e9 Mocellin (ex-coordenador Nacional da Instru\u00e7\u00e3o); \u00c9rika Krauss (ex-secret\u00e1ria da Escola Nacional de Arbitragem); e a psic\u00f3loga Marta Magalh\u00e3es.<\/p>\n<p>Fonte: Ag\u00eancia Brasil<\/p>\n","protected":false},"excerpt":{"rendered":"<p>A CBF anunciou a sa\u00edda do gerente do projeto VAR, S\u00e9rgio Corr\u00eaa e outros nove integrantes da comiss\u00e3o de arbitragem. Em\u00a0nota oficial, publicada na noite de\u00a0segunda-feira (25), a entidade arfimou\u00a0que as mudan\u00e7as fazem parte do processo de reestrutura\u00e7\u00e3o do departamento de arbitragem, cujo novo presidente, Wilson Seneme, tomou posse em 7 de abril. Al\u00e9m de [&hellip;]<\/p>\n","protected":false},"author":246,"featured_media":198061,"comment_status":"closed","ping_status":"closed","sticky":false,"template":"","format":"standard","meta":{"footnotes":""},"categories":[436,440,257,439],"tags":[],"class_list":["post-198060","post","type-post","status-publish","format-standard","has-post-thumbnail","hentry","category-destaque-da-semana","category-destaques-do-dia","category-esporte","category-ultima-hora"],"_links":{"self":[{"href":"https:\/\/diarioregionaldigital.com.br\/index.php?rest_route=\/wp\/v2\/posts\/198060","targetHints":{"allow":["GET"]}}],"collection":[{"href":"https:\/\/diarioregionaldigital.com.br\/index.php?rest_route=\/wp\/v2\/posts"}],"about":[{"href":"https:\/\/diarioregionaldigital.com.br\/index.php?rest_route=\/wp\/v2\/types\/post"}],"author":[{"embeddable":true,"href":"https:\/\/diarioregionaldigital.com.br\/index.php?rest_route=\/wp\/v2\/users\/246"}],"replies":[{"embeddable":true,"href":"https:\/\/diarioregionaldigital.com.br\/index.php?rest_route=%2Fwp%2Fv2%2Fcomments&post=198060"}],"version-history":[{"count":2,"href":"https:\/\/diarioregionaldigital.com.br\/index.php?rest_route=\/wp\/v2\/posts\/198060\/revisions"}],"predecessor-version":[{"id":198063,"href":"https:\/\/diarioregionaldigital.com.br\/index.php?rest_route=\/wp\/v2\/posts\/198060\/revisions\/198063"}],"wp:featuredmedia":[{"embeddable":true,"href":"https:\/\/diarioregionaldigital.com.br\/index.php?rest_route=\/wp\/v2\/media\/198061"}],"wp:attachment":[{"href":"https:\/\/diarioregionaldigital.com.br\/index.php?rest_route=%2Fwp%2Fv2%2Fmedia&parent=198060"}],"wp:term":[{"taxonomy":"category","embeddable":true,"href":"https:\/\/diarioregionaldigital.com.br\/index.php?rest_route=%2Fwp%2Fv2%2Fcategories&post=198060"},{"taxonomy":"post_tag","embeddable":true,"href":"https:\/\/diarioregionaldigital.com.br\/index.php?rest_route=%2Fwp%2Fv2%2Ftags&post=198060"}],"curies":[{"name":"wp","href":"https:\/\/api.w.org\/{rel}","templated":true}]}}