{"id":198057,"date":"2022-04-26T20:17:13","date_gmt":"2022-04-26T23:17:13","guid":{"rendered":"https:\/\/diarioregionaldigital.com.br\/?p=198057"},"modified":"2022-04-26T20:17:13","modified_gmt":"2022-04-26T23:17:13","slug":"central-de-vagas-do-sistema-socioeducativo-mineiro-ja-esta-em-funcionamento","status":"publish","type":"post","link":"https:\/\/diarioregionaldigital.com.br\/?p=198057","title":{"rendered":"Central de Vagas do Sistema Socioeducativo mineiro j\u00e1 est\u00e1 em funcionamento"},"content":{"rendered":"<p>Entra em funcionamento, nesta ter\u00e7a-feira (26\/4), a Central de Vagas do Sistema Socioeducativo mineiro. A ferramenta ser\u00e1 usada para potencializar a gest\u00e3o e a coordena\u00e7\u00e3o das vagas de interna\u00e7\u00e3o da Subsecretaria de Atendimento Socioeducativo (Suase), que est\u00e1 inserida na\u00a0<a href=\"http:\/\/www.seguranca.mg.gov.br\/\" target=\"_blank\" rel=\"noopener\">Secretaria de Estado de Justi\u00e7a e Seguran\u00e7a P\u00fablica (Sejusp)<\/a>. A implementa\u00e7\u00e3o busca, tamb\u00e9m, impedir cen\u00e1rios de superlota\u00e7\u00e3o das unidades socioeducativas, al\u00e9m de proporcionar um demonstrativo mais din\u00e2mico com o mapa das vagas de todo o estado.<\/p>\n<p>A constru\u00e7\u00e3o da Central de Vagas conta com o apoio de v\u00e1rios atores, que se reuniram diversas vezes ao longo de 2020 e 2021: Tribunal de Justi\u00e7a do Estado de Minas Gerais (TJMG), Minist\u00e9rio P\u00fablico do Estado de Minas Gerais (MPMG), Defensoria P\u00fablica do Estado de Minas Gerais (DPMG),\u00a0<a href=\"https:\/\/www.policiacivil.mg.gov.br\/\" target=\"_blank\" rel=\"noopener\">Pol\u00edcia Civil do Estado de Minas Gerais (PCMG)<\/a>\u00a0e Conselho Nacional de Justi\u00e7a (CNJ).<\/p>\n<p>A Diretoria de Gest\u00e3o de Vagas e Atendimento Jur\u00eddico da Suase ser\u00e1 respons\u00e1vel por operar o sistema informatizado, que foi desenvolvido por uma equipe t\u00e9cnica da subsecretaria, sem \u00f4nus para o Estado. Na plataforma, ser\u00e3o cadastradas as solicita\u00e7\u00f5es de ingresso de adolescentes nas unidades socioeducativas a partir da aplica\u00e7\u00e3o de crit\u00e9rios objetivos para o atendimento. A Central de Vagas possui como \u00a0principal din\u00e2mica a utiliza\u00e7\u00e3o de uma f\u00f3rmula matem\u00e1tica, a partir da qual ser\u00e1 poss\u00edvel atribuir pontua\u00e7\u00f5es \u00e0s solicita\u00e7\u00f5es de vagas recebidas, para fins de defini\u00e7\u00e3o da ordem de prioridade dos casos.<\/p>\n<p>Dessa forma, o encaminhamento de adolescentes \u00e0s unidades, seja por nova admiss\u00e3o ou transfer\u00eancia, passar\u00e1 a ocorrer em observ\u00e2ncia a crit\u00e9rios objetivos, avaliados por meio de f\u00f3rmula aritm\u00e9tica, que leva em conta aspectos relativos ao ato infracional praticado pelo adolescente, \u00e0 disponibilidade de vagas nos centros socioeducativos e casas de semiliberdade, e \u00e0 dist\u00e2ncia do local de origem do adolescente at\u00e9 a unidade socioeducativa.<\/p>\n<p>O subsecret\u00e1rio de Atendimento Socioeducativo, Pedro Ruano, explica que o sistema funcionar\u00e1 na Central de Vagas em hor\u00e1rios administrativos e no Centro Integrado de Comando e Controle aos finais de semana, feriados e plant\u00f5es noturnos, de modo a garantir a efic\u00e1cia dos trabalhos 24 horas por dia. &#8220;Com a implementa\u00e7\u00e3o do novo sistema da Central de Vagas n\u00f3s vamos conseguir fazer um atendimento mais efetivo e mais c\u00e9lere de libera\u00e7\u00e3o de vagas das diversas comarcas do estado, de forma equ\u00e2nime, respeitando sempre a capacidade de forma a garantir o atendimento qualificado dos adolescentes autores de ato infracional&#8221;, ressalta o subsecret\u00e1rio.<\/p>\n<p><strong>Funcionamento\u00a0<\/strong><\/p>\n<p>A partir da imposi\u00e7\u00e3o da medida socioeducativa pelo Poder Judici\u00e1rio ser\u00e1 encaminhado pelo requerente, via e-mail, toda a documenta\u00e7\u00e3o adequada. Recebida a documenta\u00e7\u00e3o e verificada a conformidade com os requisitos dispostos na resolu\u00e7\u00e3o, o pedido ser\u00e1 cadastrado no sistema Painel Suase, que fornecer\u00e1, de forma autom\u00e1tica, a pontua\u00e7\u00e3o alcan\u00e7ada pelo caso ap\u00f3s submiss\u00e3o \u00e0 f\u00f3rmula matem\u00e1tica.<\/p>\n<p>Diante disso, a depender do retorno obtido no sistema, ser\u00e1 remetida resposta ao solicitante, informando a disponibiliza\u00e7\u00e3o da vaga. A resolu\u00e7\u00e3o conjunta que instituiu a cria\u00e7\u00e3o da Central de Vagas do Sistema Socioeducativo foi assinada em cerim\u00f4nia em dezembro de 2021.<\/p>\n<p>Fonte: Ag\u00eancia Minas<\/p>\n","protected":false},"excerpt":{"rendered":"<p>Entra em funcionamento, nesta ter\u00e7a-feira (26\/4), a Central de Vagas do Sistema Socioeducativo mineiro. A ferramenta ser\u00e1 usada para potencializar a gest\u00e3o e a coordena\u00e7\u00e3o das vagas de interna\u00e7\u00e3o da Subsecretaria de Atendimento Socioeducativo (Suase), que est\u00e1 inserida na\u00a0Secretaria de Estado de Justi\u00e7a e Seguran\u00e7a P\u00fablica (Sejusp). A implementa\u00e7\u00e3o busca, tamb\u00e9m, impedir cen\u00e1rios de superlota\u00e7\u00e3o [&hellip;]<\/p>\n","protected":false},"author":246,"featured_media":198058,"comment_status":"closed","ping_status":"closed","sticky":false,"template":"","format":"standard","meta":{"footnotes":""},"categories":[436,254,439],"tags":[],"class_list":["post-198057","post","type-post","status-publish","format-standard","has-post-thumbnail","hentry","category-destaque-da-semana","category-politica","category-ultima-hora"],"_links":{"self":[{"href":"https:\/\/diarioregionaldigital.com.br\/index.php?rest_route=\/wp\/v2\/posts\/198057","targetHints":{"allow":["GET"]}}],"collection":[{"href":"https:\/\/diarioregionaldigital.com.br\/index.php?rest_route=\/wp\/v2\/posts"}],"about":[{"href":"https:\/\/diarioregionaldigital.com.br\/index.php?rest_route=\/wp\/v2\/types\/post"}],"author":[{"embeddable":true,"href":"https:\/\/diarioregionaldigital.com.br\/index.php?rest_route=\/wp\/v2\/users\/246"}],"replies":[{"embeddable":true,"href":"https:\/\/diarioregionaldigital.com.br\/index.php?rest_route=%2Fwp%2Fv2%2Fcomments&post=198057"}],"version-history":[{"count":1,"href":"https:\/\/diarioregionaldigital.com.br\/index.php?rest_route=\/wp\/v2\/posts\/198057\/revisions"}],"predecessor-version":[{"id":198059,"href":"https:\/\/diarioregionaldigital.com.br\/index.php?rest_route=\/wp\/v2\/posts\/198057\/revisions\/198059"}],"wp:featuredmedia":[{"embeddable":true,"href":"https:\/\/diarioregionaldigital.com.br\/index.php?rest_route=\/wp\/v2\/media\/198058"}],"wp:attachment":[{"href":"https:\/\/diarioregionaldigital.com.br\/index.php?rest_route=%2Fwp%2Fv2%2Fmedia&parent=198057"}],"wp:term":[{"taxonomy":"category","embeddable":true,"href":"https:\/\/diarioregionaldigital.com.br\/index.php?rest_route=%2Fwp%2Fv2%2Fcategories&post=198057"},{"taxonomy":"post_tag","embeddable":true,"href":"https:\/\/diarioregionaldigital.com.br\/index.php?rest_route=%2Fwp%2Fv2%2Ftags&post=198057"}],"curies":[{"name":"wp","href":"https:\/\/api.w.org\/{rel}","templated":true}]}}