{"id":198054,"date":"2022-04-26T20:15:35","date_gmt":"2022-04-26T23:15:35","guid":{"rendered":"https:\/\/diarioregionaldigital.com.br\/?p=198054"},"modified":"2022-04-26T20:15:35","modified_gmt":"2022-04-26T23:15:35","slug":"governo-de-minas-lanca-a-2a-campanha-de-respeito-a-diversidade","status":"publish","type":"post","link":"https:\/\/diarioregionaldigital.com.br\/?p=198054","title":{"rendered":"Governo de Minas lan\u00e7a a 2\u00aa Campanha de Respeito \u00e0 Diversidade"},"content":{"rendered":"<p>Para incentivar a constru\u00e7\u00e3o de uma sociedade mais tolerante e igualit\u00e1ria, a\u00a0<a href=\"https:\/\/social.mg.gov.br\/\" target=\"_blank\" rel=\"noopener\">Secretaria de Estado de Desenvolvimento Social (Sedese)<\/a>, em parceria com a\u00a0<a href=\"https:\/\/www.secult.mg.gov.br\/\" target=\"_blank\" rel=\"noopener\">Secretaria de Estado de Cultura e Turismo de Minas Gerais (Secult)<\/a>\u00a0e com a\u00a0<a href=\"http:\/\/redeminas.tv\/\" target=\"_blank\" rel=\"noopener\">Rede Minas<\/a>,\u00a0lan\u00e7ou nessa segunda-feira (25\/4), a 2\u00aa Campanha de Respeito \u00e0 Diversidade. O objetivo da a\u00e7\u00e3o \u00e9 combater o preconceito, a discrimina\u00e7\u00e3o e a viol\u00eancia contra a comunidade LGBTQIA+.<\/p>\n<p>Produzido pela Rede Minas, o v\u00eddeo de lan\u00e7amento da campanha contou com a participa\u00e7\u00e3o de grandes artistas ativistas do movimento, como a atriz, apresentadora e locutora Kayete, a atriz e humorista Nany People, o ator Freddy Mozart, a atriz Magdalena Rodrigues, as cantoras Nega Jackie e Paula Sete, e o cantor Luiz Saf\u00e9.<\/p>\n<p>LGBTIfobia trata-se de qualquer tipo de viol\u00eancia, seja verbal, f\u00edsica e psicol\u00f3gica contra pessoas da comunidade LGBTQIA+, motivadas por sua orienta\u00e7\u00e3o sexual e identidade de g\u00eanero.<\/p>\n<p>A idealizadora da campanha e Coordenadora Estadual de Promo\u00e7\u00e3o dos Direitos LGBTI, Walk\u00edria La Roche, participou do evento que marcou o lan\u00e7amento da campanha. Tamb\u00e9m estavam presentes a secret\u00e1ria de Estado de Desenvolvimento Social, Elizabeth Juc\u00e1, o presidente da Empresa Mineira de Comunica\u00e7\u00e3o, S\u00e9rgio Rodrigo Reis, e representantes da Secretaria de Estado de Cultura e Turismo de Minas Gerais.<\/p>\n<p>Walkiria destacou o papel mobilizador da campanha para conscientiza\u00e7\u00e3o da popula\u00e7\u00e3o para a causa LGBTQIA+. \u201cCom o aumento estarrecedor dos casos de viol\u00eancia em nosso pa\u00eds, n\u00e3o diferente em Minas Gerais, preparamos esta Campanha de Respeito \u00e0 Diversidade, vislumbrando a conscientiza\u00e7\u00e3o e a mobiliza\u00e7\u00e3o da sociedade para que juntos possamos erradicar o preconceito estrutural, acolhendo \u00e0s v\u00edtimas e denunciando os agressores!\u201d.<\/p>\n<p>A secret\u00e1ria de Estado da Sedese, Elizabeth Juc\u00e1, agradeceu os artistas que participaram da campanha que vem para dar visibilidade \u00e0 causa. \u201cQuero trazer o agradecimento em nome da Sedese e do Governo do Estado, porque \u00e9 muito importante a gente fazer esse tipo de divulga\u00e7\u00e3o. Precisamos divulgar, abrir os olhos das pessoas que isso acontece. N\u00f3s temos informa\u00e7\u00f5es subnotificadas e a gente trabalha para minimizar isso, pois s\u00f3 assim conseguimos fazer pol\u00edticas p\u00fablicas mais eficientes\u201d, disse.<\/p>\n<p>O presidente da Rede Minas, S\u00e9rgio Rodrigo Reis, destacou a import\u00e2ncia da campanha, uma vez que ela aborda quest\u00f5es que ultrapassam as fronteiras do Estado. \u201c\u00c9 um prazer fazer parte de um movimento t\u00e3o importante como esse. Essa n\u00e3o \u00e9 uma quest\u00e3o s\u00f3 de Minas Gerais, \u00e9 uma quest\u00e3o do pa\u00eds inteiro. A gente precisa de muita luta para superar isso. S\u00f3 n\u00f3s que sofremos no dia a dia algum tipo de preconceito sabemos como \u00e9 valiosa uma a\u00e7\u00e3o como essa para diminuir o impacto desse preconceito\u201d, enfatiza.<\/p>\n<p>\u201cSou eternamente grata por fazer parte disso, porque eu vivo na pele. Pelo fato de ser l\u00e9sbica, algumas pessoas ficam com receio de me contratar. A gente vivenciar isso, de n\u00e3o poder mostrar a nossa arte por causa do preconceito, d\u00f3i tanto! Isso fica marcado pra vida da gente\u201d, declarou a cantora Nega Jackie.<\/p>\n<p>A\u00a0 2\u00aa Campanha de Respeito \u00e0 Diversidade j\u00e1 est\u00e1 sendo exibida na interprograma\u00e7\u00e3o da Rede Minas e tamb\u00e9m est\u00e1 dispon\u00edvel nas redes sociais, no\u00a0<a href=\"http:\/\/redeminas.tv\/\" target=\"_blank\" rel=\"noopener\">site da emissora<\/a>\u00a0e no\u00a0<a href=\"https:\/\/www.youtube.com\/watch?v=ZNwndqIGKBo\" target=\"_blank\" rel=\"noopener\">Youtube<\/a>.<\/p>\n<p><strong>Conscientiza\u00e7\u00e3o<\/strong><\/p>\n<p>A criminaliza\u00e7\u00e3o da LGBTQIA+fobia, determinada pelo STF em 2019, n\u00e3o foi suficiente para impedir a viol\u00eancia contra a popula\u00e7\u00e3o LGBTQIA+. Segundo dados do Painel da Ouvidoria Nacional de Direitos Humanos, de janeiro a mar\u00e7o de 2022, foram registrados 1.632 casos de viola\u00e7\u00f5es contra a popula\u00e7\u00e3o LGBT no Brasil. Somente em Minas, foram 184 viola\u00e7\u00f5es.<\/p>\n<p>A subnotifica\u00e7\u00e3o prejudica a elabora\u00e7\u00e3o e proposi\u00e7\u00e3o de pol\u00edticas p\u00fablicas. Nesse contexto, a\u00e7\u00f5es como a 2\u00aa Campanha Estadual de Respeito \u00e0 Diversidade, bem como a divulga\u00e7\u00e3o dos canais de den\u00fancia s\u00e3o necess\u00e1rias para o efetivo combate ao crime de \u00f3dio.<\/p>\n<p>Pensando em a\u00e7\u00f5es mais eficazes para a diminui\u00e7\u00e3o da viol\u00eancia contra a comunidade, a Coordenadoria de Pol\u00edticas de Promo\u00e7\u00e3o da Cidadania LGBT atuou para o restabelecimento da Comiss\u00e3o Estadual de Pol\u00edticas de Enfrentamento \u00e0s Viola\u00e7\u00f5es Relativas \u00e0 Orienta\u00e7\u00e3o Sexual e \u00e0 Identidade de G\u00eanero das Pessoas L\u00e9sbicas, Gays, Bissexuais, Travestis, Transexuais, Interssexuais, Queer, Assexuais e Outras Formas de Express\u00f5es e\/ou Identidades de G\u00eanero no Estado de Minas Gerais (CEPEV- LGBTQIA+).<\/p>\n<p>O \u00f3rg\u00e3o tamb\u00e9m participou do curso EAD da Pol\u00edcia Civil e prop\u00f4s a cria\u00e7\u00e3o de uma Delegacia Virtual especializada no p\u00fablico LGBTQIA+.<\/p>\n<p>Fonte: Ag\u00eancia Minas<\/p>\n","protected":false},"excerpt":{"rendered":"<p>Para incentivar a constru\u00e7\u00e3o de uma sociedade mais tolerante e igualit\u00e1ria, a\u00a0Secretaria de Estado de Desenvolvimento Social (Sedese), em parceria com a\u00a0Secretaria de Estado de Cultura e Turismo de Minas Gerais (Secult)\u00a0e com a\u00a0Rede Minas,\u00a0lan\u00e7ou nessa segunda-feira (25\/4), a 2\u00aa Campanha de Respeito \u00e0 Diversidade. O objetivo da a\u00e7\u00e3o \u00e9 combater o preconceito, a discrimina\u00e7\u00e3o [&hellip;]<\/p>\n","protected":false},"author":246,"featured_media":198055,"comment_status":"closed","ping_status":"closed","sticky":false,"template":"","format":"standard","meta":{"footnotes":""},"categories":[436,254,439],"tags":[],"class_list":["post-198054","post","type-post","status-publish","format-standard","has-post-thumbnail","hentry","category-destaque-da-semana","category-politica","category-ultima-hora"],"_links":{"self":[{"href":"https:\/\/diarioregionaldigital.com.br\/index.php?rest_route=\/wp\/v2\/posts\/198054","targetHints":{"allow":["GET"]}}],"collection":[{"href":"https:\/\/diarioregionaldigital.com.br\/index.php?rest_route=\/wp\/v2\/posts"}],"about":[{"href":"https:\/\/diarioregionaldigital.com.br\/index.php?rest_route=\/wp\/v2\/types\/post"}],"author":[{"embeddable":true,"href":"https:\/\/diarioregionaldigital.com.br\/index.php?rest_route=\/wp\/v2\/users\/246"}],"replies":[{"embeddable":true,"href":"https:\/\/diarioregionaldigital.com.br\/index.php?rest_route=%2Fwp%2Fv2%2Fcomments&post=198054"}],"version-history":[{"count":1,"href":"https:\/\/diarioregionaldigital.com.br\/index.php?rest_route=\/wp\/v2\/posts\/198054\/revisions"}],"predecessor-version":[{"id":198056,"href":"https:\/\/diarioregionaldigital.com.br\/index.php?rest_route=\/wp\/v2\/posts\/198054\/revisions\/198056"}],"wp:featuredmedia":[{"embeddable":true,"href":"https:\/\/diarioregionaldigital.com.br\/index.php?rest_route=\/wp\/v2\/media\/198055"}],"wp:attachment":[{"href":"https:\/\/diarioregionaldigital.com.br\/index.php?rest_route=%2Fwp%2Fv2%2Fmedia&parent=198054"}],"wp:term":[{"taxonomy":"category","embeddable":true,"href":"https:\/\/diarioregionaldigital.com.br\/index.php?rest_route=%2Fwp%2Fv2%2Fcategories&post=198054"},{"taxonomy":"post_tag","embeddable":true,"href":"https:\/\/diarioregionaldigital.com.br\/index.php?rest_route=%2Fwp%2Fv2%2Ftags&post=198054"}],"curies":[{"name":"wp","href":"https:\/\/api.w.org\/{rel}","templated":true}]}}