{"id":198050,"date":"2022-04-26T20:14:14","date_gmt":"2022-04-26T23:14:14","guid":{"rendered":"https:\/\/diarioregionaldigital.com.br\/?p=198050"},"modified":"2022-04-26T20:14:14","modified_gmt":"2022-04-26T23:14:14","slug":"painel-do-sine-semana-comeca-com-mais-de-75-mil-vagas-de-emprego-em-minas","status":"publish","type":"post","link":"https:\/\/diarioregionaldigital.com.br\/?p=198050","title":{"rendered":"Painel do Sine: semana come\u00e7a com mais de 7,5 mil vagas de emprego em Minas"},"content":{"rendered":"<p>A \u00faltima semana de abril come\u00e7a com mais de 7,5 mil vagas de emprego dispon\u00edveis em Minas Gerais conforme o\u00a0<a href=\"https:\/\/app.powerbi.com\/view?r=eyJrIjoiZWZjNWFmOWMtMTYwNS00ZDQ3LWFhOTgtMTU5YTQwZmE5ZTJiIiwidCI6ImMwZTY1MzllLThjZGUtNDZlNy1hOTc4LWI1YTNmZTlmMGMzOSJ9&amp;pageName=ReportSection\" target=\"_blank\" rel=\"noopener\">Painel de Informa\u00e7\u00f5es sobre o Sistema Nacional de Emprego (Sine\/MG)<\/a>. Interessados podem ser consultadas pela internet ou em uma das 133 unidades do Sine espalhadas pelo estado.<\/p>\n<p>De acordo com a \u00faltima atualiza\u00e7\u00e3o do painel, dessa segunda-feira (25\/4), o total de vagas nos postos \u00e9 de 7.584, sendo 234 para pessoas com defici\u00eancia (PCDs).<\/p>\n<p>Entre as unidades, o Sine de Uberl\u00e2ndia \u00e9 o que concentra o maior n\u00famero de oportunidades, 1.201. Logo em seguida vem o Sine de Mariana, com 734 vagas, e o Sine BH Central de Vagas, com 606.<\/p>\n<p>Em rela\u00e7\u00e3o \u00e0s ocupa\u00e7\u00f5es, a maior parte das oportunidades est\u00e1 voltada para a \u00e1rea da constru\u00e7\u00e3o. S\u00e3o 677 oportunidades para servente de obras, 597 para pedreiro, 520 para alimentador de linha de produ\u00e7\u00e3o, 300 para motorista de caminh\u00e3o (rotas regionais e internacionais), 255 para carpinteiro.<\/p>\n<p>Na Regi\u00e3o Metropolitana de Belo Horizonte, as unidades do Sine disponibilizam 2.889 vagas, 136 para PCDs. As unidades com mais vagas s\u00e3o Mariana, BH Central de Vagas, Itabirito (434), Sine Itatiau\u00e7u (207) e Igarap\u00e9 (119).<\/p>\n<p>Todas as vagas de emprego disponibilizadas pelas unidades do Sine em Minas est\u00e3o dispon\u00edveis no\u00a0<a href=\"https:\/\/empregabrasil.mte.gov.br\/\" target=\"_blank\" rel=\"noopener\">Portal Emprega Brasil<\/a>. Interessados tamb\u00e9m podem se cadastrar no app Sine F\u00e1cil, dispon\u00edvel para os aparelhos celulares com sistemas operacionais Android ou iOS. O atendimento presencial \u00e9 feito por meio de\u00a0<a href=\"https:\/\/www.mg.gov.br\/servico\/intermediar-mao-de-obra\" target=\"_blank\" rel=\"noopener\">agendamento pela internet<\/a>.<\/p>\n<p><strong>Painel do Sine<\/strong><\/p>\n<p>O Painel de Informa\u00e7\u00f5es sobre o Sine\/MG \u00e9 administrado pela\u00a0<a href=\"https:\/\/social.mg.gov.br\/\" target=\"_blank\" rel=\"noopener\">Secretaria de Estado de Desenvolvimento Social (Sedese)<\/a>. A consulta foi disponibilizada pelo\u00a0<a href=\"https:\/\/www.mg.gov.br\/\" target=\"_blank\" rel=\"noopener\">Governo de Minas<\/a>\u00a0em fevereiro deste ano. Pela internet, o trabalhador pode ter acesso \u00e0s oportunidades dispon\u00edveis em todas as unidades do estado. H\u00e1 filtros por regi\u00e3o, munic\u00edpio, ocupa\u00e7\u00f5es e unidades.<\/p>\n<p>Fonte: Ag\u00eancia Minas<\/p>\n","protected":false},"excerpt":{"rendered":"<p>A \u00faltima semana de abril come\u00e7a com mais de 7,5 mil vagas de emprego dispon\u00edveis em Minas Gerais conforme o\u00a0Painel de Informa\u00e7\u00f5es sobre o Sistema Nacional de Emprego (Sine\/MG). Interessados podem ser consultadas pela internet ou em uma das 133 unidades do Sine espalhadas pelo estado. De acordo com a \u00faltima atualiza\u00e7\u00e3o do painel, dessa [&hellip;]<\/p>\n","protected":false},"author":246,"featured_media":198051,"comment_status":"closed","ping_status":"closed","sticky":false,"template":"","format":"standard","meta":{"footnotes":""},"categories":[436,254,439],"tags":[],"class_list":["post-198050","post","type-post","status-publish","format-standard","has-post-thumbnail","hentry","category-destaque-da-semana","category-politica","category-ultima-hora"],"_links":{"self":[{"href":"https:\/\/diarioregionaldigital.com.br\/index.php?rest_route=\/wp\/v2\/posts\/198050","targetHints":{"allow":["GET"]}}],"collection":[{"href":"https:\/\/diarioregionaldigital.com.br\/index.php?rest_route=\/wp\/v2\/posts"}],"about":[{"href":"https:\/\/diarioregionaldigital.com.br\/index.php?rest_route=\/wp\/v2\/types\/post"}],"author":[{"embeddable":true,"href":"https:\/\/diarioregionaldigital.com.br\/index.php?rest_route=\/wp\/v2\/users\/246"}],"replies":[{"embeddable":true,"href":"https:\/\/diarioregionaldigital.com.br\/index.php?rest_route=%2Fwp%2Fv2%2Fcomments&post=198050"}],"version-history":[{"count":2,"href":"https:\/\/diarioregionaldigital.com.br\/index.php?rest_route=\/wp\/v2\/posts\/198050\/revisions"}],"predecessor-version":[{"id":198053,"href":"https:\/\/diarioregionaldigital.com.br\/index.php?rest_route=\/wp\/v2\/posts\/198050\/revisions\/198053"}],"wp:featuredmedia":[{"embeddable":true,"href":"https:\/\/diarioregionaldigital.com.br\/index.php?rest_route=\/wp\/v2\/media\/198051"}],"wp:attachment":[{"href":"https:\/\/diarioregionaldigital.com.br\/index.php?rest_route=%2Fwp%2Fv2%2Fmedia&parent=198050"}],"wp:term":[{"taxonomy":"category","embeddable":true,"href":"https:\/\/diarioregionaldigital.com.br\/index.php?rest_route=%2Fwp%2Fv2%2Fcategories&post=198050"},{"taxonomy":"post_tag","embeddable":true,"href":"https:\/\/diarioregionaldigital.com.br\/index.php?rest_route=%2Fwp%2Fv2%2Ftags&post=198050"}],"curies":[{"name":"wp","href":"https:\/\/api.w.org\/{rel}","templated":true}]}}