{"id":198041,"date":"2022-04-26T19:49:11","date_gmt":"2022-04-26T22:49:11","guid":{"rendered":"https:\/\/diarioregionaldigital.com.br\/?p=198041"},"modified":"2022-04-26T19:49:11","modified_gmt":"2022-04-26T22:49:11","slug":"presidente-do-bc-nomeia-diretores-aprovados-pelo-senado","status":"publish","type":"post","link":"https:\/\/diarioregionaldigital.com.br\/?p=198041","title":{"rendered":"Presidente do BC nomeia diretores aprovados pelo Senado"},"content":{"rendered":"<p>A uma semana da reuni\u00e3o do Comit\u00ea de Pol\u00edtica Monet\u00e1ria (Copom), o presidente do Banco Central (BC), Roberto Campos Neto, nomeou os dois novos diretores que tinham sido aprovados pelo Senado no in\u00edcio do m\u00eas. As portarias que oficializam Diogo Guillen na Diretoria de Pol\u00edtica Econ\u00f4mica e Renato Dias Gomes na Diretoria de Organiza\u00e7\u00e3o do Sistema Financeiro e Resolu\u00e7\u00e3o foram publicadas nesta ter\u00e7a-feira (26)\u00a0no sistema interno do BC.<img decoding=\"async\" src=\"https:\/\/agenciabrasil.ebc.com.br\/ebc.png?id=1456270&amp;o=node\" \/><img decoding=\"async\" src=\"https:\/\/agenciabrasil.ebc.com.br\/ebc.gif?id=1456270&amp;o=node\" \/><\/p>\n<p>Indicados no fim do ano passado, Guillen e Gomes s\u00f3 foram sabatinados pela Comiss\u00e3o de Assuntos Econ\u00f4micos do Senado e tiveram os nomes\u00a0<a href=\"https:\/\/agenciabrasil.ebc.com.br\/geral\/noticia\/2022-04\/senado-aprova-indicacao-de-dois-novos-diretores-do-banco-central\" target=\"_blank\" rel=\"noopener\">aprovados<\/a>\u00a0pelo Plen\u00e1rio da Casa no \u00faltimo dia 6. A sabatina demorou mais de quatro meses para ocorrer por causa de atrasos dentro do Senado.<\/p>\n<p>O novo diretor de Pol\u00edtica Econ\u00f4mica substitui Fabio Kanczuk, que deixou o cargo ap\u00f3s o fim do mandato, em\u00a031 de dezembro. O novo diretor de Organiza\u00e7\u00e3o do Sistema Financeiro e Resolu\u00e7\u00e3o entra no lugar de Jo\u00e3o Manoel Pinho de Mello, cujo mandato tamb\u00e9m acabou em dezembro, mas foi estendido at\u00e9 a reuni\u00e3o do Copom\u00a0de fevereiro, por causa da demora na sabatina dos indicados.<\/p>\n<p>Com as nomea\u00e7\u00f5es, a\u00a0pr\u00f3xima\u00a0reuni\u00e3o\u00a0do Copom, em 3 e\u00a04 de maio, ocorrer\u00e1\u00a0com o quadro completo. Ao todo, a diretoria do BC tem nove integrantes: o presidente Roberto Campos Neto e oito diretores. Cada membro tem um voto na reuni\u00e3o do Comit\u00ea de Pol\u00edtica Monet\u00e1ria (Copom), que decide a taxa Selic, juros b\u00e1sicos da economia.<\/p>\n<p>Ex-economista-chefe da Ita\u00fa Asset Management, Guillen tem 39 anos, tem gradua\u00e7\u00e3o e mestrado pela Pontif\u00edcia Universidade Cat\u00f3lica do Rio\u00a0de Janeiro\u00a0(PUC-Rio) e concluiu o doutorado na Universidade de Princeton, nos Estados Unidos. Com 41 anos, Gomes tamb\u00e9m formou-se em economia pela PUC-Rio, fez mestrado na mesma institui\u00e7\u00e3o e tem doutorado na Northwestern University, nos Estados Unidos. Pela nova lei que garantiu autonomia ao BC, os dois t\u00eam mandato at\u00e9 o fim de 2025, com possibilidade de renova\u00e7\u00e3o por mais quatro anos.<\/p>\n<p>Fonte: Ag\u00eancia Brasil<\/p>\n","protected":false},"excerpt":{"rendered":"<p>A uma semana da reuni\u00e3o do Comit\u00ea de Pol\u00edtica Monet\u00e1ria (Copom), o presidente do Banco Central (BC), Roberto Campos Neto, nomeou os dois novos diretores que tinham sido aprovados pelo Senado no in\u00edcio do m\u00eas. As portarias que oficializam Diogo Guillen na Diretoria de Pol\u00edtica Econ\u00f4mica e Renato Dias Gomes na Diretoria de Organiza\u00e7\u00e3o do [&hellip;]<\/p>\n","protected":false},"author":246,"featured_media":198042,"comment_status":"closed","ping_status":"closed","sticky":false,"template":"","format":"standard","meta":{"footnotes":""},"categories":[436,261,439],"tags":[],"class_list":["post-198041","post","type-post","status-publish","format-standard","has-post-thumbnail","hentry","category-destaque-da-semana","category-economia","category-ultima-hora"],"_links":{"self":[{"href":"https:\/\/diarioregionaldigital.com.br\/index.php?rest_route=\/wp\/v2\/posts\/198041","targetHints":{"allow":["GET"]}}],"collection":[{"href":"https:\/\/diarioregionaldigital.com.br\/index.php?rest_route=\/wp\/v2\/posts"}],"about":[{"href":"https:\/\/diarioregionaldigital.com.br\/index.php?rest_route=\/wp\/v2\/types\/post"}],"author":[{"embeddable":true,"href":"https:\/\/diarioregionaldigital.com.br\/index.php?rest_route=\/wp\/v2\/users\/246"}],"replies":[{"embeddable":true,"href":"https:\/\/diarioregionaldigital.com.br\/index.php?rest_route=%2Fwp%2Fv2%2Fcomments&post=198041"}],"version-history":[{"count":1,"href":"https:\/\/diarioregionaldigital.com.br\/index.php?rest_route=\/wp\/v2\/posts\/198041\/revisions"}],"predecessor-version":[{"id":198043,"href":"https:\/\/diarioregionaldigital.com.br\/index.php?rest_route=\/wp\/v2\/posts\/198041\/revisions\/198043"}],"wp:featuredmedia":[{"embeddable":true,"href":"https:\/\/diarioregionaldigital.com.br\/index.php?rest_route=\/wp\/v2\/media\/198042"}],"wp:attachment":[{"href":"https:\/\/diarioregionaldigital.com.br\/index.php?rest_route=%2Fwp%2Fv2%2Fmedia&parent=198041"}],"wp:term":[{"taxonomy":"category","embeddable":true,"href":"https:\/\/diarioregionaldigital.com.br\/index.php?rest_route=%2Fwp%2Fv2%2Fcategories&post=198041"},{"taxonomy":"post_tag","embeddable":true,"href":"https:\/\/diarioregionaldigital.com.br\/index.php?rest_route=%2Fwp%2Fv2%2Ftags&post=198041"}],"curies":[{"name":"wp","href":"https:\/\/api.w.org\/{rel}","templated":true}]}}