{"id":198038,"date":"2022-04-26T19:47:50","date_gmt":"2022-04-26T22:47:50","guid":{"rendered":"https:\/\/diarioregionaldigital.com.br\/?p=198038"},"modified":"2022-04-26T19:47:50","modified_gmt":"2022-04-26T22:47:50","slug":"confianca-do-comercio-volta-a-crescer-apos-dois-meses","status":"publish","type":"post","link":"https:\/\/diarioregionaldigital.com.br\/?p=198038","title":{"rendered":"Confian\u00e7a do com\u00e9rcio volta a crescer ap\u00f3s dois meses"},"content":{"rendered":"<p>Ap\u00f3s cair em fevereiro e mar\u00e7o, o \u00cdndice de Confian\u00e7a do Empres\u00e1rio do Com\u00e9rcio (Icec) subiu 2% em abril, alcan\u00e7ando 118 pontos e acumulando, no quadrimestre, alta de 0,86%. Apesar do crescimento modesto, o indicador, medido pela Confedera\u00e7\u00e3o Nacional do Com\u00e9rcio de Bens, Servi\u00e7os e Turismo (CNC), apresentou melhor resultado do que o apurado nos quatro primeiros meses de 2021, quando registrou queda de 9,24%.<img decoding=\"async\" src=\"https:\/\/agenciabrasil.ebc.com.br\/ebc.png?id=1456149&amp;o=node\" \/><img decoding=\"async\" src=\"https:\/\/agenciabrasil.ebc.com.br\/ebc.gif?id=1456149&amp;o=node\" \/><\/p>\n<p>Entre os \u00edndices analisados pela pesquisa, Condi\u00e7\u00f5es Atuais do Empres\u00e1rio do Com\u00e9rcio se destacou positivamente, com aumento de 4,2%. Segundo a CNC, o avan\u00e7o chamou a aten\u00e7\u00e3o por se tratar do indicador que tem registrado a maior insatisfa\u00e7\u00e3o. O sub\u00edndice relativo \u00e0 economia contribuiu com maior peso para o aumento, tendo expandido 6,5%, bem acima de avalia\u00e7\u00f5es quanto ao setor (3,6%) e \u00e0 empresa (3,3%).<\/p>\n<p>O presidente da CNC, Jos\u00e9 Roberto Tadros, avalia que a percep\u00e7\u00e3o mais positiva dos comerciantes pode estar relacionada \u00e0s vendas de P\u00e1scoa e Dia da M\u00e3es, al\u00e9m da expectativa pelo d\u00e9cimo terceiro sal\u00e1rio dos aposentados, o aumento da participa\u00e7\u00e3o do cr\u00e9dito consignado de 35% para 40% no endividamento e a entrada na economia dos recursos advindos do saque do FGTS.<\/p>\n<p>\u201cUm fator que tamb\u00e9m \u00e9 muito relevante \u00e9 a percep\u00e7\u00e3o de efeitos decorrentes da din\u00e2mica do mercado de trabalho, que tem revelado evolu\u00e7\u00e3o gradual\u201d, disse, em nota.<\/p>\n<h2>Expectativas positivas<\/h2>\n<p>Segundo a CNC, a \u00fanica queda registrada na composi\u00e7\u00e3o do Icec foi no sub\u00edndice relativo \u00e0 contrata\u00e7\u00e3o de funcion\u00e1rios, em Inten\u00e7\u00f5es de Investimento, que apresentou retra\u00e7\u00e3o de 0,1%.\u00a0 J\u00e1 o sub\u00edndice referente \u00e0 empresa contou com o aumento mais significativo, de 3,9%, influenciando o crescimento geral do indicador, de 1,6%.<\/p>\n<p>Para o economista da CNC respons\u00e1vel pela pesquisa, Antonio Everton, os resultados mostram otimismo em rela\u00e7\u00e3o \u00e0 din\u00e2mica de vendas do pr\u00f3ximo m\u00eas. \u201cA alta pode estar associada a ajustes e incrementos que os empres\u00e1rios podem pretender realizar nas suas organiza\u00e7\u00f5es.\u201d<\/p>\n<p>Os dados tamb\u00e9m apontaram maior n\u00edvel de confian\u00e7a entre empres\u00e1rios das micro e pequenas empresas (2,1%), enquanto os das m\u00e9dias e grandes n\u00e3o revelaram varia\u00e7\u00e3o. J\u00e1 no recorte por categorias de uso, os empres\u00e1rios dos segmentos de bens semidur\u00e1veis (5,9%) e dur\u00e1veis (5,8%) se mostraram bem mais confiantes do que os de n\u00e3o dur\u00e1veis (0,9%).<\/p>\n<p>Sobre esse aspecto, o economista avalia que um dos poss\u00edveis motivos para a alta \u00e9 a aprecia\u00e7\u00e3o cambial, com a queda do d\u00f3lar, e a maior expectativa quanto \u00e0 possibilidade de vendas de produtos eletroeletr\u00f4nicos. \u201cTudo isso vem ocorrendo devido ao entendimento de que as condi\u00e7\u00f5es atuais est\u00e3o mais favor\u00e1veis, com maior efeito inerente ao desempenho da economia, cuja evolu\u00e7\u00e3o pode acarretar a melhoria da performance do setor comercial\u201d, disse Antonio Everton.<\/p>\n<p>Fonte: Ag\u00eancia Brasil<\/p>\n","protected":false},"excerpt":{"rendered":"<p>Ap\u00f3s cair em fevereiro e mar\u00e7o, o \u00cdndice de Confian\u00e7a do Empres\u00e1rio do Com\u00e9rcio (Icec) subiu 2% em abril, alcan\u00e7ando 118 pontos e acumulando, no quadrimestre, alta de 0,86%. Apesar do crescimento modesto, o indicador, medido pela Confedera\u00e7\u00e3o Nacional do Com\u00e9rcio de Bens, Servi\u00e7os e Turismo (CNC), apresentou melhor resultado do que o apurado nos [&hellip;]<\/p>\n","protected":false},"author":246,"featured_media":198039,"comment_status":"closed","ping_status":"closed","sticky":false,"template":"","format":"standard","meta":{"footnotes":""},"categories":[436,261,439],"tags":[],"class_list":["post-198038","post","type-post","status-publish","format-standard","has-post-thumbnail","hentry","category-destaque-da-semana","category-economia","category-ultima-hora"],"_links":{"self":[{"href":"https:\/\/diarioregionaldigital.com.br\/index.php?rest_route=\/wp\/v2\/posts\/198038","targetHints":{"allow":["GET"]}}],"collection":[{"href":"https:\/\/diarioregionaldigital.com.br\/index.php?rest_route=\/wp\/v2\/posts"}],"about":[{"href":"https:\/\/diarioregionaldigital.com.br\/index.php?rest_route=\/wp\/v2\/types\/post"}],"author":[{"embeddable":true,"href":"https:\/\/diarioregionaldigital.com.br\/index.php?rest_route=\/wp\/v2\/users\/246"}],"replies":[{"embeddable":true,"href":"https:\/\/diarioregionaldigital.com.br\/index.php?rest_route=%2Fwp%2Fv2%2Fcomments&post=198038"}],"version-history":[{"count":1,"href":"https:\/\/diarioregionaldigital.com.br\/index.php?rest_route=\/wp\/v2\/posts\/198038\/revisions"}],"predecessor-version":[{"id":198040,"href":"https:\/\/diarioregionaldigital.com.br\/index.php?rest_route=\/wp\/v2\/posts\/198038\/revisions\/198040"}],"wp:featuredmedia":[{"embeddable":true,"href":"https:\/\/diarioregionaldigital.com.br\/index.php?rest_route=\/wp\/v2\/media\/198039"}],"wp:attachment":[{"href":"https:\/\/diarioregionaldigital.com.br\/index.php?rest_route=%2Fwp%2Fv2%2Fmedia&parent=198038"}],"wp:term":[{"taxonomy":"category","embeddable":true,"href":"https:\/\/diarioregionaldigital.com.br\/index.php?rest_route=%2Fwp%2Fv2%2Fcategories&post=198038"},{"taxonomy":"post_tag","embeddable":true,"href":"https:\/\/diarioregionaldigital.com.br\/index.php?rest_route=%2Fwp%2Fv2%2Ftags&post=198038"}],"curies":[{"name":"wp","href":"https:\/\/api.w.org\/{rel}","templated":true}]}}