{"id":198035,"date":"2022-04-26T19:43:57","date_gmt":"2022-04-26T22:43:57","guid":{"rendered":"https:\/\/diarioregionaldigital.com.br\/?p=198035"},"modified":"2022-04-26T19:43:57","modified_gmt":"2022-04-26T22:43:57","slug":"mercado-financeiro-aumenta-pela-15a-vez-projecao-para-inflacao-em-2022","status":"publish","type":"post","link":"https:\/\/diarioregionaldigital.com.br\/?p=198035","title":{"rendered":"Mercado financeiro aumenta pela 15\u00aa vez proje\u00e7\u00e3o para infla\u00e7\u00e3o em 2022"},"content":{"rendered":"<p>O mercado financeiro aumentou pela 15\u00aa semana seguida a previs\u00e3o de infla\u00e7\u00e3o de 2022. De acordo com proje\u00e7\u00e3o do Boletim Focus, divulgada\u00a0hoje\u00a0(26) pelo Banco Central, o \u00cdndice de Pre\u00e7os ao Consumidor Amplo (IPCA) deve fechar o ano com\u00a0alta de 7,65%. H\u00e1 uma semana, a proje\u00e7\u00e3o para o \u00edndice estava em 7,46%, e h\u00e1 quatro semanas, em 6,86%.\u00a0<img decoding=\"async\" src=\"https:\/\/agenciabrasil.ebc.com.br\/ebc.png?id=1456128&amp;o=node\" \/><img decoding=\"async\" src=\"https:\/\/agenciabrasil.ebc.com.br\/ebc.gif?id=1456128&amp;o=node\" \/><\/p>\n<p>O Boletim Focus re\u00fane a proje\u00e7\u00e3o de cerca de 100 institui\u00e7\u00f5es do mercado para os principais indicadores econ\u00f4micos do pa\u00eds. \u00c9 publicado semanalmente. Para 2023, o mercado mant\u00e9m, tamb\u00e9m, a expectativa de alta da infla\u00e7\u00e3o. A proje\u00e7\u00e3o da varia\u00e7\u00e3o do IPCA passou dos 3,91% projetados h\u00e1 uma semana, para 4%, conforme o boletim publicado\u00a0hoje\u00a0pela autoridade monet\u00e1ria. H\u00e1 quatro semanas, a proje\u00e7\u00e3o estava em 3,80% para a infla\u00e7\u00e3o do pr\u00f3ximo ano.<\/p>\n<p>Alta tamb\u00e9m para a previs\u00e3o inflacion\u00e1ria de 2024. De acordo com o mercado financeiro, a infla\u00e7\u00e3o ficar\u00e1 em 3,20%, ante os 3,16% projetados na semana passada. H\u00e1 quatro semanas, a previs\u00e3o era de que 2024\u00a0ter\u00e1 uma infla\u00e7\u00e3o de 3,20%. Para 2025, a proje\u00e7\u00e3o se mant\u00e9m est\u00e1vel h\u00e1 41 semanas, em 3%.<\/p>\n<h2>PIB<\/h2>\n<p>O Boletim Focus desta semana aumentou a proje\u00e7\u00e3o do Produto Interno Bruto (PIB, soma dos bens e dos servi\u00e7os produzidos no pa\u00eds)\u00a0de 0,56% (previs\u00e3o h\u00e1 uma semana) para 0,65%. H\u00e1 quatro semanas, a previs\u00e3o era de um PIB de 0,50%.<\/p>\n<p>Para 2023, a previs\u00e3o \u00e9 de\u00a0crescimento de 1% no PIB. H\u00e1 uma semana, o\u00a0percentual estava\u00a0em 1,12%; e h\u00e1 quatro semanas, em 1,30%. J\u00e1 para 2024 e 2025, a previs\u00e3o se manteve est\u00e1vel em 2%.<\/p>\n<h2>Taxa de juros<\/h2>\n<p>O mercado financeiro prev\u00ea aumento da taxa b\u00e1sica de juros, a Selic, para 2022. H\u00e1 quatro semanas, a previs\u00e3o era de 13%, passando\u00a0para 13,05% ao ano, h\u00e1 uma semana. No boletim divulgado\u00a0hoje, a previs\u00e3o \u00e9 de que a taxa feche o ano em 13,25% ao ano.<\/p>\n<p>Para 2023, a expectativa se mant\u00e9m est\u00e1vel em 9% ao ano. Tamb\u00e9m h\u00e1 previs\u00e3o de estabilidade da taxa em 2024 (7,50% ao ano) e em 2025 (7% ao ano).<\/p>\n<h2>D\u00f3lar<\/h2>\n<p>A estimativa para a cota\u00e7\u00e3o do d\u00f3lar apresentou queda pela\u00a0quinta\u00a0semana consecutiva, com a previs\u00e3o que feche 2022 a R$ 5, ante aos R$ 5,10 previstos h\u00e1 uma semana e aos R $5,25 previstos h\u00e1 quatro semanas.<\/p>\n<p>De acordo com o Focus, o d\u00f3lar fechar\u00e1 2023 cotado a R$ 5. H\u00e1 uma semana, a previs\u00e3o era\u00a0de que a moeda norte-americana fecharia o ano com uma cota\u00e7\u00e3o de R$ 5,15. H\u00e1 quatro semanas, a expectativa era\u00a0de que a moeda apresentaria a cota\u00e7\u00e3o de R$ 5,20.<\/p>\n<p>H\u00e1 expectativa de queda tamb\u00e9m para os anos de 2024 e 2025. A proje\u00e7\u00e3o\u00a0para 2024 \u00e9 que a moeda feche o ano em R$ 5,05. H\u00e1 uma semana, o mercado trabalhava com\u00a0a expectativa de que o d\u00f3lar fechasse 2024 custando R$ 5,15; e h\u00e1 quatro semanas, a cota\u00e7\u00e3o projetada estava em R$ 5,20.<\/p>\n<p>Para 2025, a expectativa,\u00a0est\u00e1vel h\u00e1 quatro semanas em R$ 5,20, caiu para R$ 5,10, segundo o boletim mais recente.<\/p>\n<p>Fonte: Ag\u00eancia Brasil<\/p>\n","protected":false},"excerpt":{"rendered":"<p>O mercado financeiro aumentou pela 15\u00aa semana seguida a previs\u00e3o de infla\u00e7\u00e3o de 2022. De acordo com proje\u00e7\u00e3o do Boletim Focus, divulgada\u00a0hoje\u00a0(26) pelo Banco Central, o \u00cdndice de Pre\u00e7os ao Consumidor Amplo (IPCA) deve fechar o ano com\u00a0alta de 7,65%. H\u00e1 uma semana, a proje\u00e7\u00e3o para o \u00edndice estava em 7,46%, e h\u00e1 quatro semanas, [&hellip;]<\/p>\n","protected":false},"author":246,"featured_media":198036,"comment_status":"closed","ping_status":"closed","sticky":false,"template":"","format":"standard","meta":{"footnotes":""},"categories":[436,440,261,439],"tags":[],"class_list":["post-198035","post","type-post","status-publish","format-standard","has-post-thumbnail","hentry","category-destaque-da-semana","category-destaques-do-dia","category-economia","category-ultima-hora"],"_links":{"self":[{"href":"https:\/\/diarioregionaldigital.com.br\/index.php?rest_route=\/wp\/v2\/posts\/198035","targetHints":{"allow":["GET"]}}],"collection":[{"href":"https:\/\/diarioregionaldigital.com.br\/index.php?rest_route=\/wp\/v2\/posts"}],"about":[{"href":"https:\/\/diarioregionaldigital.com.br\/index.php?rest_route=\/wp\/v2\/types\/post"}],"author":[{"embeddable":true,"href":"https:\/\/diarioregionaldigital.com.br\/index.php?rest_route=\/wp\/v2\/users\/246"}],"replies":[{"embeddable":true,"href":"https:\/\/diarioregionaldigital.com.br\/index.php?rest_route=%2Fwp%2Fv2%2Fcomments&post=198035"}],"version-history":[{"count":1,"href":"https:\/\/diarioregionaldigital.com.br\/index.php?rest_route=\/wp\/v2\/posts\/198035\/revisions"}],"predecessor-version":[{"id":198037,"href":"https:\/\/diarioregionaldigital.com.br\/index.php?rest_route=\/wp\/v2\/posts\/198035\/revisions\/198037"}],"wp:featuredmedia":[{"embeddable":true,"href":"https:\/\/diarioregionaldigital.com.br\/index.php?rest_route=\/wp\/v2\/media\/198036"}],"wp:attachment":[{"href":"https:\/\/diarioregionaldigital.com.br\/index.php?rest_route=%2Fwp%2Fv2%2Fmedia&parent=198035"}],"wp:term":[{"taxonomy":"category","embeddable":true,"href":"https:\/\/diarioregionaldigital.com.br\/index.php?rest_route=%2Fwp%2Fv2%2Fcategories&post=198035"},{"taxonomy":"post_tag","embeddable":true,"href":"https:\/\/diarioregionaldigital.com.br\/index.php?rest_route=%2Fwp%2Fv2%2Ftags&post=198035"}],"curies":[{"name":"wp","href":"https:\/\/api.w.org\/{rel}","templated":true}]}}