{"id":198016,"date":"2022-04-25T23:37:59","date_gmt":"2022-04-26T02:37:59","guid":{"rendered":"https:\/\/diarioregionaldigital.com.br\/?p=198016"},"modified":"2022-04-25T23:37:59","modified_gmt":"2022-04-26T02:37:59","slug":"guarda-municipal-reanima-homem-no-centro","status":"publish","type":"post","link":"https:\/\/diarioregionaldigital.com.br\/?p=198016","title":{"rendered":"Guarda Municipal reanima homem no Centro"},"content":{"rendered":"<p>Segundo informa\u00e7\u00f5es do site da Prefeitura de Juiz de Fora, uma equipe da Guarda Municipal de Juiz de Fora que se encontrava no Cal\u00e7ad\u00e3o da Rua Halfeld na manh\u00e3 desta segunda-feira, 25, foi acionada por funcion\u00e1rio de um cart\u00f3rio de registro de im\u00f3veis, localizado no 11\u00ba andar do Edif\u00edcio Clube Juiz de Fora, na esquina da Halfeld com Rio Branco. Ele pedia socorro para um homem que se encontrava desmaiado dentro do estabelecimento comercial. Ao chegar no local, um m\u00e9dico constatava aus\u00eancia de pulso e respira\u00e7\u00e3o. Diante do fato, a equipe da Guarda deu in\u00edcio \u00e0 manobra de massagem cardiorrespirat\u00f3ria. Tr\u00eas guardas se revezaram no procedimento de reanima\u00e7\u00e3o por aproximadamente dez minutos. Quando a equipe do Servi\u00e7o de Atendimento M\u00f3vel de Urg\u00eancia (Samu) chegou, o homem j\u00e1 respirava. Os profissionais de sa\u00fade estabilizaram e encaminharam o paciente para uma unidade hospitalar.<br \/>\nNo in\u00edcio deste m\u00eas, a Guarda Municipal participou de curso de \u201cPrimeiros Socorros em Atividade Policial\u201d, promovido pela Pol\u00edcia Federal, em que se refor\u00e7ou a import\u00e2ncia do procedimento logo nos primeiros minutos a fim de salvar uma vida. De acordo com o supervisor de servi\u00e7o, GM Carvalho, presente \u00e0 a\u00e7\u00e3o, o preparo para a atua\u00e7\u00e3o pode ter sido o fator definidor para a manuten\u00e7\u00e3o das condi\u00e7\u00f5es de resgate para o paciente. \u201cSe a gente n\u00e3o soubesse fazer a manobra, se n\u00e3o acredit\u00e1ssemos que era poss\u00edvel retorn\u00e1-lo, se a gente nem tentasse, eram minutos vitais perdidos para aquele homem\u201d, afirma satisfeito com a possibilidade de ter ajudado.<br \/>\nDiariamente, a Guarda atende pessoas que necessitam de algum tipo de ajuda em via p\u00fablica. V\u00edtimas de acidentes, quedas ou mal s\u00fabito que recorrem ao agente uniformizado para serem socorridas e encaminhadas ao atendimento em sa\u00fade. Para os casos de emerg\u00eancia confrontados no dia a dia de trabalho nas ruas, a forma\u00e7\u00e3o do guarda municipal conta com a disciplina de \u201cSocorrismo\u201d. A grade curricular do curso para ingresso na carreira de guarda traz abordagem te\u00f3rica e pr\u00e1tica, em treinamento voltado ao atendimento imediato de situa\u00e7\u00f5es cotidianas, como forma de possibilitar no\u00e7\u00f5es m\u00ednimas para atendimento.<br \/>\nA atua\u00e7\u00e3o da Guarda Municipal ultrapassa a defini\u00e7\u00e3o legal de prote\u00e7\u00e3o aos bens, servi\u00e7os e instala\u00e7\u00f5es da administra\u00e7\u00e3o p\u00fablica municipal. Sua fun\u00e7\u00e3o principal \u00e9 a prote\u00e7\u00e3o municipal preventiva, conforme estabelece a Lei 13022\/14 (Estatuto Geral das Guardas Municipais) e esta engloba a integridade f\u00edsica de servidores e cidad\u00e3os como o bem maior a ser assegurado.<\/p>\n","protected":false},"excerpt":{"rendered":"<p>Segundo informa\u00e7\u00f5es do site da Prefeitura de Juiz de Fora, uma equipe da Guarda Municipal de Juiz de Fora que se encontrava no Cal\u00e7ad\u00e3o da Rua Halfeld na manh\u00e3 desta segunda-feira, 25, foi acionada por funcion\u00e1rio de um cart\u00f3rio de registro de im\u00f3veis, localizado no 11\u00ba andar do Edif\u00edcio Clube Juiz de Fora, na esquina [&hellip;]<\/p>\n","protected":false},"author":246,"featured_media":198017,"comment_status":"closed","ping_status":"closed","sticky":false,"template":"","format":"standard","meta":{"footnotes":""},"categories":[253,436,439],"tags":[],"class_list":["post-198016","post","type-post","status-publish","format-standard","has-post-thumbnail","hentry","category-cidade","category-destaque-da-semana","category-ultima-hora"],"_links":{"self":[{"href":"https:\/\/diarioregionaldigital.com.br\/index.php?rest_route=\/wp\/v2\/posts\/198016","targetHints":{"allow":["GET"]}}],"collection":[{"href":"https:\/\/diarioregionaldigital.com.br\/index.php?rest_route=\/wp\/v2\/posts"}],"about":[{"href":"https:\/\/diarioregionaldigital.com.br\/index.php?rest_route=\/wp\/v2\/types\/post"}],"author":[{"embeddable":true,"href":"https:\/\/diarioregionaldigital.com.br\/index.php?rest_route=\/wp\/v2\/users\/246"}],"replies":[{"embeddable":true,"href":"https:\/\/diarioregionaldigital.com.br\/index.php?rest_route=%2Fwp%2Fv2%2Fcomments&post=198016"}],"version-history":[{"count":1,"href":"https:\/\/diarioregionaldigital.com.br\/index.php?rest_route=\/wp\/v2\/posts\/198016\/revisions"}],"predecessor-version":[{"id":198018,"href":"https:\/\/diarioregionaldigital.com.br\/index.php?rest_route=\/wp\/v2\/posts\/198016\/revisions\/198018"}],"wp:featuredmedia":[{"embeddable":true,"href":"https:\/\/diarioregionaldigital.com.br\/index.php?rest_route=\/wp\/v2\/media\/198017"}],"wp:attachment":[{"href":"https:\/\/diarioregionaldigital.com.br\/index.php?rest_route=%2Fwp%2Fv2%2Fmedia&parent=198016"}],"wp:term":[{"taxonomy":"category","embeddable":true,"href":"https:\/\/diarioregionaldigital.com.br\/index.php?rest_route=%2Fwp%2Fv2%2Fcategories&post=198016"},{"taxonomy":"post_tag","embeddable":true,"href":"https:\/\/diarioregionaldigital.com.br\/index.php?rest_route=%2Fwp%2Fv2%2Ftags&post=198016"}],"curies":[{"name":"wp","href":"https:\/\/api.w.org\/{rel}","templated":true}]}}