{"id":198010,"date":"2022-04-25T23:15:28","date_gmt":"2022-04-26T02:15:28","guid":{"rendered":"https:\/\/diarioregionaldigital.com.br\/?p=198010"},"modified":"2022-04-25T23:15:28","modified_gmt":"2022-04-26T02:15:28","slug":"defesa-civil-de-juiz-de-fora-atua-em-cooperacao-tecnica-com-a-prefeitura-de-lima-duarte","status":"publish","type":"post","link":"https:\/\/diarioregionaldigital.com.br\/?p=198010","title":{"rendered":"Defesa Civil de Juiz de Fora atua em coopera\u00e7\u00e3o t\u00e9cnica com a Prefeitura de Lima Duarte"},"content":{"rendered":"<p>Segundo informa\u00e7\u00f5es do site da Prefeitura de Juiz de Fora, servidores da equipe de engenharia da Defesa Civil da Prefeitura de Juiz de Fora (PJF) foram convidados para atuar em coopera\u00e7\u00e3o t\u00e9cnica com a Prefeitura de Lima Duarte. Ap\u00f3s um deslizamento de terra no munic\u00edpio, t\u00e9cnicos e engenheiros de Juiz de Fora realizaram vistoria em toda a encosta.<\/p>\n<p>O objetivo foi fornecer as orienta\u00e7\u00f5es t\u00e9cnicas sobre os encaminhamentos necess\u00e1rios, al\u00e9m de promover a troca de experi\u00eancia entre Defesas Civis. Ap\u00f3s a vistoria, foram recebidos no gabinete da prefeita de Lima Duarte, Elenice Delgado. Como explica o subsecret\u00e1rio de Prote\u00e7\u00e3o e Defesa Civil, Lu\u00eds Fernando Martins, a parceria entre Defesas Civis \u00e9 fundamental. \u201cEm Juiz de Fora, a equipe da Defesa Civil est\u00e1 em constante capacita\u00e7\u00e3o desde que a atual gest\u00e3o assumiu e o \u00f3rg\u00e3o passou a integrar a Secretaria de Governo. Mais do que nos qualificar, queremos tamb\u00e9m transmitir o que aprendemos com a nossa experi\u00eancia. Por isso, sempre que poss\u00edvel estamos dispostos a apoiar outros munic\u00edpios\u201d, afirma.<\/p>\n<p>&nbsp;<\/p>\n","protected":false},"excerpt":{"rendered":"<p>Segundo informa\u00e7\u00f5es do site da Prefeitura de Juiz de Fora, servidores da equipe de engenharia da Defesa Civil da Prefeitura de Juiz de Fora (PJF) foram convidados para atuar em coopera\u00e7\u00e3o t\u00e9cnica com a Prefeitura de Lima Duarte. Ap\u00f3s um deslizamento de terra no munic\u00edpio, t\u00e9cnicos e engenheiros de Juiz de Fora realizaram vistoria em [&hellip;]<\/p>\n","protected":false},"author":246,"featured_media":198011,"comment_status":"closed","ping_status":"closed","sticky":false,"template":"","format":"standard","meta":{"footnotes":""},"categories":[253,436,439],"tags":[],"class_list":["post-198010","post","type-post","status-publish","format-standard","has-post-thumbnail","hentry","category-cidade","category-destaque-da-semana","category-ultima-hora"],"_links":{"self":[{"href":"https:\/\/diarioregionaldigital.com.br\/index.php?rest_route=\/wp\/v2\/posts\/198010","targetHints":{"allow":["GET"]}}],"collection":[{"href":"https:\/\/diarioregionaldigital.com.br\/index.php?rest_route=\/wp\/v2\/posts"}],"about":[{"href":"https:\/\/diarioregionaldigital.com.br\/index.php?rest_route=\/wp\/v2\/types\/post"}],"author":[{"embeddable":true,"href":"https:\/\/diarioregionaldigital.com.br\/index.php?rest_route=\/wp\/v2\/users\/246"}],"replies":[{"embeddable":true,"href":"https:\/\/diarioregionaldigital.com.br\/index.php?rest_route=%2Fwp%2Fv2%2Fcomments&post=198010"}],"version-history":[{"count":1,"href":"https:\/\/diarioregionaldigital.com.br\/index.php?rest_route=\/wp\/v2\/posts\/198010\/revisions"}],"predecessor-version":[{"id":198012,"href":"https:\/\/diarioregionaldigital.com.br\/index.php?rest_route=\/wp\/v2\/posts\/198010\/revisions\/198012"}],"wp:featuredmedia":[{"embeddable":true,"href":"https:\/\/diarioregionaldigital.com.br\/index.php?rest_route=\/wp\/v2\/media\/198011"}],"wp:attachment":[{"href":"https:\/\/diarioregionaldigital.com.br\/index.php?rest_route=%2Fwp%2Fv2%2Fmedia&parent=198010"}],"wp:term":[{"taxonomy":"category","embeddable":true,"href":"https:\/\/diarioregionaldigital.com.br\/index.php?rest_route=%2Fwp%2Fv2%2Fcategories&post=198010"},{"taxonomy":"post_tag","embeddable":true,"href":"https:\/\/diarioregionaldigital.com.br\/index.php?rest_route=%2Fwp%2Fv2%2Ftags&post=198010"}],"curies":[{"name":"wp","href":"https:\/\/api.w.org\/{rel}","templated":true}]}}