{"id":198007,"date":"2022-04-25T23:08:41","date_gmt":"2022-04-26T02:08:41","guid":{"rendered":"https:\/\/diarioregionaldigital.com.br\/?p=198007"},"modified":"2022-04-25T23:08:41","modified_gmt":"2022-04-26T02:08:41","slug":"durante-o-feriado-de-tiradentes-empav-atende-mais-de-35-bairros-de-juiz-de-fora","status":"publish","type":"post","link":"https:\/\/diarioregionaldigital.com.br\/?p=198007","title":{"rendered":"Durante o feriado de Tiradentes, Empav atende mais de 35 bairros de Juiz de Fora"},"content":{"rendered":"<p>Segundo informa\u00e7\u00f5es do site da Prefeitura de Juiz de Fora, o\u00a0feriado de Tiradentes foi de muito trabalho para as equipes da Empresa Municipal de Pavimenta\u00e7\u00e3o e Urbaniza\u00e7\u00e3o (Empav) que atuam no Programa Boniteza. Entre os dias 21 e 23 de abril, de quinta a domingo, a Empav, em uma nova for\u00e7a-tarefa, mobilizou dezenas de trabalhadores que foram para as ruas da cidade com a opera\u00e7\u00e3o tapa-buracos, al\u00e9m dos trabalhos de poda de \u00e1rvores e limpeza e poda de grama de pra\u00e7as e canteiros.<\/p>\n<p>Com a opera\u00e7\u00e3o tapa-buracos, a Empav atendeu 24 vias, em 18 bairros de Juiz de Fora, realizando um total de 741 recomposi\u00e7\u00f5es, com a aplica\u00e7\u00e3o de cerca de 161 toneladas de massa asf\u00e1ltica.<\/p>\n<p>A opera\u00e7\u00e3o esteve presente em bairros como Nova Era, Vivendas da Serra, Santa Terezinha, Po\u00e7o Rico, entre outros. Vale destacar que os servi\u00e7os de manuten\u00e7\u00e3o asf\u00e1ltica tamb\u00e9m seguem em andamento no Distrito de Torre\u00f5es.<\/p>\n<p>Costa Carvalho, Santa Catarina, Jardim Gl\u00f3ria, Milho Branco, Graja\u00fa e outros 12 bairros tamb\u00e9m receberam equipes da Empav com os servi\u00e7os de limpeza e poda de grama em suas pra\u00e7as.<\/p>\n<p>J\u00e1 as podas de \u00e1rvores foram realizadas na passarela do Mergulh\u00e3o, no Centro, e nos bairros Aeroporto, Granjas Bet\u00e2nia, Paineiras e Benfica.<\/p>\n<p>Destacando o \u00eaxito de mais uma mobiliza\u00e7\u00e3o, o Diretor-presidente da Empav, Richard Tavares, ressalta o compromisso da gest\u00e3o com a cidade e com a popula\u00e7\u00e3o. \u201cMais um recesso com muitas equipes nas ruas. O nosso compromisso \u00e9 garantir uma cidade com a melhor infraestrutura poss\u00edvel. Sabemos que, com rela\u00e7\u00e3o ao pavimento das vias, a quest\u00e3o da drenagem e a vida \u00fatil do asfalto impactam diretamente na necessidade de intensificarmos as opera\u00e7\u00f5es tapa-buracos. Estamos com diversas frentes de trabalho em toda Juiz de Fora e n\u00e3o podemos parar. N\u00e3o paramos\u201d.<\/p>\n<p>Mais equipes, mais trabalhos, mais resultados<\/p>\n<p>Como j\u00e1 divulgado anteriormente, a Empav segue ampliando o n\u00famero de equipes nas ruas, de maneira a atender com mais rapidez as demandas dos juizforanos. Ap\u00f3s dobrar o n\u00famero de trabalhadores \u00e0 frente dos servi\u00e7os de limpeza e poda de grama de pra\u00e7as, jardins e canteiros, a previs\u00e3o \u00e9 que, em breve, novas equipes estejam nos trechos atuando tamb\u00e9m na opera\u00e7\u00e3o tapa-buracos, com os trabalhos de recomposi\u00e7\u00e3o asf\u00e1ltica.<\/p>\n<p>Lembrando que todas as a\u00e7\u00f5es de reestrutura\u00e7\u00e3o, urbaniza\u00e7\u00e3o e zeladoria realizadas pela Empav fazem parte do Programa Boniteza. Voc\u00ea pode solicitar estes e outros servi\u00e7os atrav\u00e9s do Gabinete de A\u00e7\u00e3o e Di\u00e1logo Comunit\u00e1rio, que recebe e organiza pedidos relativos a interven\u00e7\u00f5es e melhorias urbanas. O contato pode ser feito por liga\u00e7\u00e3o telef\u00f4nica, pelo n\u00famero (32) 3690-7241 ou, ainda, via WhatsApp, utilizando o mesmo n\u00famero.<\/p>\n<p>A programa\u00e7\u00e3o di\u00e1ria de todas as atividades realizadas pela Empav pode ser acompanhada atrav\u00e9s da p\u00e1gina do Gabinete de A\u00e7\u00e3o e Di\u00e1logo Comunit\u00e1rio, pelo link.<\/p>\n","protected":false},"excerpt":{"rendered":"<p>Segundo informa\u00e7\u00f5es do site da Prefeitura de Juiz de Fora, o\u00a0feriado de Tiradentes foi de muito trabalho para as equipes da Empresa Municipal de Pavimenta\u00e7\u00e3o e Urbaniza\u00e7\u00e3o (Empav) que atuam no Programa Boniteza. Entre os dias 21 e 23 de abril, de quinta a domingo, a Empav, em uma nova for\u00e7a-tarefa, mobilizou dezenas de trabalhadores [&hellip;]<\/p>\n","protected":false},"author":246,"featured_media":198008,"comment_status":"closed","ping_status":"closed","sticky":false,"template":"","format":"standard","meta":{"footnotes":""},"categories":[253,436,439],"tags":[],"class_list":["post-198007","post","type-post","status-publish","format-standard","has-post-thumbnail","hentry","category-cidade","category-destaque-da-semana","category-ultima-hora"],"_links":{"self":[{"href":"https:\/\/diarioregionaldigital.com.br\/index.php?rest_route=\/wp\/v2\/posts\/198007","targetHints":{"allow":["GET"]}}],"collection":[{"href":"https:\/\/diarioregionaldigital.com.br\/index.php?rest_route=\/wp\/v2\/posts"}],"about":[{"href":"https:\/\/diarioregionaldigital.com.br\/index.php?rest_route=\/wp\/v2\/types\/post"}],"author":[{"embeddable":true,"href":"https:\/\/diarioregionaldigital.com.br\/index.php?rest_route=\/wp\/v2\/users\/246"}],"replies":[{"embeddable":true,"href":"https:\/\/diarioregionaldigital.com.br\/index.php?rest_route=%2Fwp%2Fv2%2Fcomments&post=198007"}],"version-history":[{"count":1,"href":"https:\/\/diarioregionaldigital.com.br\/index.php?rest_route=\/wp\/v2\/posts\/198007\/revisions"}],"predecessor-version":[{"id":198009,"href":"https:\/\/diarioregionaldigital.com.br\/index.php?rest_route=\/wp\/v2\/posts\/198007\/revisions\/198009"}],"wp:featuredmedia":[{"embeddable":true,"href":"https:\/\/diarioregionaldigital.com.br\/index.php?rest_route=\/wp\/v2\/media\/198008"}],"wp:attachment":[{"href":"https:\/\/diarioregionaldigital.com.br\/index.php?rest_route=%2Fwp%2Fv2%2Fmedia&parent=198007"}],"wp:term":[{"taxonomy":"category","embeddable":true,"href":"https:\/\/diarioregionaldigital.com.br\/index.php?rest_route=%2Fwp%2Fv2%2Fcategories&post=198007"},{"taxonomy":"post_tag","embeddable":true,"href":"https:\/\/diarioregionaldigital.com.br\/index.php?rest_route=%2Fwp%2Fv2%2Ftags&post=198007"}],"curies":[{"name":"wp","href":"https:\/\/api.w.org\/{rel}","templated":true}]}}