{"id":197999,"date":"2022-04-25T22:53:18","date_gmt":"2022-04-26T01:53:18","guid":{"rendered":"https:\/\/diarioregionaldigital.com.br\/?p=197999"},"modified":"2022-04-25T22:53:18","modified_gmt":"2022-04-26T01:53:18","slug":"em-jogo-de-falhas-de-lado-a-lado-botafogo-e-atletico-go-empatam","status":"publish","type":"post","link":"https:\/\/diarioregionaldigital.com.br\/?p=197999","title":{"rendered":"Em jogo de falhas de lado a lado, Botafogo e Atl\u00e9tico-GO empatam"},"content":{"rendered":"<p>Em jogo de falhas de lado a lado, o Botafogo ficou no 1 a 1 com o Atl\u00e9tico-GO, na noite deste domingo (24) no est\u00e1dio Ant\u00f4nio Accioly, pela 3\u00aa rodada do Campeonato Brasileiro.<img decoding=\"async\" src=\"https:\/\/agenciabrasil.ebc.com.br\/ebc.png?id=1455930&amp;o=node\" \/><img decoding=\"async\" src=\"https:\/\/agenciabrasil.ebc.com.br\/ebc.gif?id=1455930&amp;o=node\" \/><\/p>\n<p>Com este resultado o Alvinegro ficou na 11\u00aa posi\u00e7\u00e3o da classifica\u00e7\u00e3o com quatro pontos. J\u00e1 o Drag\u00e3o permanece na zona do rebaixamento, agora com dois pontos, na 17\u00aa posi\u00e7\u00e3o.<\/p>\n<p>O placar foi aberto aos cinco minutos do segundo tempo. Diego Loureiro saiu errado no tiro de meta e a bola ficou nos p\u00e9s do volante Marlon Freitas, que soltou um chute forte que terminou em frango do goleiro do Botafogo.<\/p>\n<p>Se o Drag\u00e3o abriu o placar em uma falha do Alvinegro, o empate do Botafogo saiu em vacilo da defesa do Atl\u00e9tico-GO. J\u00e1 aos 50 minutos do segundo tempo, Saravia cruza e Leandro Barcia desvia para o gol de sua pr\u00f3pria equipe.<\/p>\n<p>Quem venceu neste domingo foi o Cuiab\u00e1, que bateu o Juventude por 1 a 0 gra\u00e7as a gol em cobran\u00e7a de p\u00eanalti, j\u00e1 aos 38 minutos do segundo tempo, do veterano atacante Elton.<\/p>\n<p>Fonte: Ag\u00eancia Brasil<\/p>\n","protected":false},"excerpt":{"rendered":"<p>Em jogo de falhas de lado a lado, o Botafogo ficou no 1 a 1 com o Atl\u00e9tico-GO, na noite deste domingo (24) no est\u00e1dio Ant\u00f4nio Accioly, pela 3\u00aa rodada do Campeonato Brasileiro. Com este resultado o Alvinegro ficou na 11\u00aa posi\u00e7\u00e3o da classifica\u00e7\u00e3o com quatro pontos. J\u00e1 o Drag\u00e3o permanece na zona do rebaixamento, [&hellip;]<\/p>\n","protected":false},"author":246,"featured_media":198000,"comment_status":"closed","ping_status":"closed","sticky":false,"template":"","format":"standard","meta":{"footnotes":""},"categories":[436,257,439],"tags":[],"class_list":["post-197999","post","type-post","status-publish","format-standard","has-post-thumbnail","hentry","category-destaque-da-semana","category-esporte","category-ultima-hora"],"_links":{"self":[{"href":"https:\/\/diarioregionaldigital.com.br\/index.php?rest_route=\/wp\/v2\/posts\/197999","targetHints":{"allow":["GET"]}}],"collection":[{"href":"https:\/\/diarioregionaldigital.com.br\/index.php?rest_route=\/wp\/v2\/posts"}],"about":[{"href":"https:\/\/diarioregionaldigital.com.br\/index.php?rest_route=\/wp\/v2\/types\/post"}],"author":[{"embeddable":true,"href":"https:\/\/diarioregionaldigital.com.br\/index.php?rest_route=\/wp\/v2\/users\/246"}],"replies":[{"embeddable":true,"href":"https:\/\/diarioregionaldigital.com.br\/index.php?rest_route=%2Fwp%2Fv2%2Fcomments&post=197999"}],"version-history":[{"count":2,"href":"https:\/\/diarioregionaldigital.com.br\/index.php?rest_route=\/wp\/v2\/posts\/197999\/revisions"}],"predecessor-version":[{"id":198002,"href":"https:\/\/diarioregionaldigital.com.br\/index.php?rest_route=\/wp\/v2\/posts\/197999\/revisions\/198002"}],"wp:featuredmedia":[{"embeddable":true,"href":"https:\/\/diarioregionaldigital.com.br\/index.php?rest_route=\/wp\/v2\/media\/198000"}],"wp:attachment":[{"href":"https:\/\/diarioregionaldigital.com.br\/index.php?rest_route=%2Fwp%2Fv2%2Fmedia&parent=197999"}],"wp:term":[{"taxonomy":"category","embeddable":true,"href":"https:\/\/diarioregionaldigital.com.br\/index.php?rest_route=%2Fwp%2Fv2%2Fcategories&post=197999"},{"taxonomy":"post_tag","embeddable":true,"href":"https:\/\/diarioregionaldigital.com.br\/index.php?rest_route=%2Fwp%2Fv2%2Ftags&post=197999"}],"curies":[{"name":"wp","href":"https:\/\/api.w.org\/{rel}","templated":true}]}}