{"id":197995,"date":"2022-04-25T22:51:40","date_gmt":"2022-04-26T01:51:40","guid":{"rendered":"https:\/\/diarioregionaldigital.com.br\/?p=197995"},"modified":"2022-04-25T22:51:40","modified_gmt":"2022-04-26T01:51:40","slug":"triatlo-miguel-hidalgo-e-djenyfer-arnold-faturam-ouro-em-copa-america","status":"publish","type":"post","link":"https:\/\/diarioregionaldigital.com.br\/?p=197995","title":{"rendered":"Triatlo: Miguel Hidalgo e Djenyfer Arnold faturam ouro em Copa Am\u00e9rica"},"content":{"rendered":"<p>Promessas do triatlo brasileiro para a Olimp\u00edada de Paris 2024, Miguel Hidalgo e Djenyfer Arnold foram campe\u00f5es neste domingo (24) da Copa Am\u00e9rica em Salinas (Equador) , que concede pontos para o ranking mundial\u00a0 da modalidade. Natural de Salto, cidade do interior paulista, Hidalgo de 21 anos foi o primeiro a cruzar a linha de chegada na praia de Chipipe ao completar a prova em 56m04s. \u00a0O segundo colocado, o mexicano David Medonza ficou com a prata ao chegou 21 segundos depois do brasileiro, com a marca de \u00a056min25s. O norte-americano Brent Demarest (56m37) assegurou o bronze.<img decoding=\"async\" src=\"https:\/\/agenciabrasil.ebc.com.br\/ebc.png?id=1455986&amp;o=node\" \/><img decoding=\"async\" src=\"https:\/\/agenciabrasil.ebc.com.br\/ebc.gif?id=1455986&amp;o=node\" \/><\/p>\n<p>No feminino, o Brasil foi ouro com a catarinense Djenyfer, de 28 anos, encerrou a prova 32 segundos antes que a norte-americana Tamara Gorman. A brasileira fez o tempo de 1h2min39 e a representante dos Estados Unidos foi prata ao marcar 1h03min11. A atleta japonesa Yuka Sato (1h03m26.20) levou o bronze.<\/p>\n<p>O Brasil teve ainda outros representantes na competi\u00e7\u00e3o que inclui 750 metros de nata\u00e7\u00e3o, 20 quil\u00f4metros de ciclismo e outros\u00a0cinco de corrida. Confira abaixo os resultados:<\/p>\n<p>MASCULINO<\/p>\n<p>5\u00ba \u2013 Kau\u00ea Willy<\/p>\n<p>7\u00ba \u2013 Antonio Bravo<\/p>\n<p>17\u00ba \u2013 Yago Alves<\/p>\n<p>25\u00ba \u2013 Felipe Bianchi<\/p>\n<p>FEMININO<\/p>\n<p>17\u00aa \u2013 Gabrielle Lemes<\/p>\n<p>Fonte: Ag\u00eancia Brasil<\/p>\n","protected":false},"excerpt":{"rendered":"<p>Promessas do triatlo brasileiro para a Olimp\u00edada de Paris 2024, Miguel Hidalgo e Djenyfer Arnold foram campe\u00f5es neste domingo (24) da Copa Am\u00e9rica em Salinas (Equador) , que concede pontos para o ranking mundial\u00a0 da modalidade. Natural de Salto, cidade do interior paulista, Hidalgo de 21 anos foi o primeiro a cruzar a linha de [&hellip;]<\/p>\n","protected":false},"author":246,"featured_media":197996,"comment_status":"closed","ping_status":"closed","sticky":false,"template":"","format":"standard","meta":{"footnotes":""},"categories":[436,257,439],"tags":[],"class_list":["post-197995","post","type-post","status-publish","format-standard","has-post-thumbnail","hentry","category-destaque-da-semana","category-esporte","category-ultima-hora"],"_links":{"self":[{"href":"https:\/\/diarioregionaldigital.com.br\/index.php?rest_route=\/wp\/v2\/posts\/197995","targetHints":{"allow":["GET"]}}],"collection":[{"href":"https:\/\/diarioregionaldigital.com.br\/index.php?rest_route=\/wp\/v2\/posts"}],"about":[{"href":"https:\/\/diarioregionaldigital.com.br\/index.php?rest_route=\/wp\/v2\/types\/post"}],"author":[{"embeddable":true,"href":"https:\/\/diarioregionaldigital.com.br\/index.php?rest_route=\/wp\/v2\/users\/246"}],"replies":[{"embeddable":true,"href":"https:\/\/diarioregionaldigital.com.br\/index.php?rest_route=%2Fwp%2Fv2%2Fcomments&post=197995"}],"version-history":[{"count":2,"href":"https:\/\/diarioregionaldigital.com.br\/index.php?rest_route=\/wp\/v2\/posts\/197995\/revisions"}],"predecessor-version":[{"id":197998,"href":"https:\/\/diarioregionaldigital.com.br\/index.php?rest_route=\/wp\/v2\/posts\/197995\/revisions\/197998"}],"wp:featuredmedia":[{"embeddable":true,"href":"https:\/\/diarioregionaldigital.com.br\/index.php?rest_route=\/wp\/v2\/media\/197996"}],"wp:attachment":[{"href":"https:\/\/diarioregionaldigital.com.br\/index.php?rest_route=%2Fwp%2Fv2%2Fmedia&parent=197995"}],"wp:term":[{"taxonomy":"category","embeddable":true,"href":"https:\/\/diarioregionaldigital.com.br\/index.php?rest_route=%2Fwp%2Fv2%2Fcategories&post=197995"},{"taxonomy":"post_tag","embeddable":true,"href":"https:\/\/diarioregionaldigital.com.br\/index.php?rest_route=%2Fwp%2Fv2%2Ftags&post=197995"}],"curies":[{"name":"wp","href":"https:\/\/api.w.org\/{rel}","templated":true}]}}