{"id":197988,"date":"2022-04-25T22:45:46","date_gmt":"2022-04-26T01:45:46","guid":{"rendered":"https:\/\/diarioregionaldigital.com.br\/?p=197988"},"modified":"2022-04-25T22:45:46","modified_gmt":"2022-04-26T01:45:46","slug":"governo-age-para-manter-fornecimento-de-fertilizante-diz-presidente","status":"publish","type":"post","link":"https:\/\/diarioregionaldigital.com.br\/?p=197988","title":{"rendered":"Governo age para manter fornecimento de fertilizante, diz presidente"},"content":{"rendered":"<p>O presidente Jair Bolsonaro afirmou hoje (25) que o governo federal tem atuado para garantir o abastecimento de fertilizantes no Brasil. Em discurso na abertura da 27\u00aa\u00a0 Feira Internacional de Tecnologia Agr\u00edcola em A\u00e7\u00e3o (Agrishow), em Ribeir\u00e3o Preto, no interior paulista, o presidente disse que o pa\u00eds tem obtido resultados, apesar dos embargos econ\u00f4micos sofridos pela R\u00fassia, um dos principais fornecedores de insumos, devido \u00e0 guerra com a Ucr\u00e2nia.<img decoding=\"async\" src=\"https:\/\/agenciabrasil.ebc.com.br\/ebc.png?id=1455991&amp;o=node\" \/><img decoding=\"async\" src=\"https:\/\/agenciabrasil.ebc.com.br\/ebc.gif?id=1455991&amp;o=node\" \/><\/p>\n<p>Segundo Bolsonaro, a visita feita ao presidente russo, Vladimir Putin, em fevereiro, ajudou a manter as remessas de fertilizantes para o Brasil. \u201cEu dizia a voc\u00eas, antes que a guerra eclodisse, a 10 mil quil\u00f4metros de dist\u00e2ncia, eu estive conversando com o presidente Putin. Fui muito criticado por estar indo para l\u00e1. Fomos muito bem tratados. Conversei por quase quatro horas com o senhor presidente da R\u00fassia. Obviamente, o assunto \u2018fertilizantes\u2019 fez parte da nossa pauta\u201d, disse a respeito do encontro.<\/p>\n<p>De acordo com o presidente, essa conversa trouxe resultados pr\u00e1ticos recentemente. \u201cA poucos dias, ap\u00f3s declara\u00e7\u00f5es de pessoas [de] que minha ida tinha sido em momento inoportuno, tivemos as informa\u00e7\u00f5es [de] que quase 30 navios com fertilizantes estavam vindo da R\u00fassia para o Brasil. Ou seja, a nossa pol\u00edtica externa, que tem \u00e0 frente o ministro [das Rela\u00e7\u00f5es Exteriores] Carlos Fran\u00e7a, \u00e9 reconhecida por todos n\u00f3s e pelo mundo afora\u201d, acrescentou.<\/p>\n<p>Bolsonaro lembrou ainda que tamb\u00e9m tratou do assunto durante a visita ao Brasil da diretora-geral da Organiza\u00e7\u00e3o Mundial do Com\u00e9rcio (OMC), a nigeriana Ngozi Okonjo-Iweala , na semana passada. \u201cEu fiz um pedido a ela, para que nos ajude para que os fluxos de fertilizantes n\u00e3o sejam interrompidos para o Brasil e para o mundo. Assim como os pre\u00e7os n\u00e3o continuem subindo dessa forma.\u201d<\/p>\n<p>O Brasil consome 8% de toda a produ\u00e7\u00e3o mundial de fertilizantes, estimada em 55 milh\u00f5es de toneladas, mas importa 85% do insumo usado pelo agroneg\u00f3cio, principalmente da R\u00fassia, que sofre atualmente forte embargo econ\u00f4mico promovido pelos Estados Unidos, pa\u00edses da Europa ocidental e Jap\u00e3o, por causa da invas\u00e3o militar na Ucr\u00e2nia.<\/p>\n<h2>Indulto<\/h2>\n<p>O presidente tamb\u00e9m defendeu o indulto concedido ao deputado federal Daniel Silveira (PTB-RJ). O parlamentar foi condenado pelo Supremo Tribunal Federal (STF) a oito anos e nove meses de pris\u00e3o pelos crimes de tentativa de impedir o livre exerc\u00edcio dos Poderes e coa\u00e7\u00e3o no curso do processo.<\/p>\n<p>O decreto com o indulto foi publicado em edi\u00e7\u00e3o extra do\u00a0<em>Di\u00e1rio Oficial da Uni\u00e3o\u00a0<\/em>na \u00faltima quinta-feira (21), um dia ap\u00f3s a condena\u00e7\u00e3o de Silveira pela Suprema Corte.<\/p>\n<p>Bolsonaro afirmou ter livrado o parlamentar de uma condena\u00e7\u00e3o injusta. \u201cO decreto da gra\u00e7a e do indulto \u00e9 constitucional e ser\u00e1 cumprido. No passado, soltavam bandidos, e ningu\u00e9m falava nela. Agora, eu solto inocentes\u201d, disse o presidente na Agrishow.<\/p>\n<p>Em outra refer\u00eancia ao indulto, o presidente ressaltou que o Artigo 53 de Constitui\u00e7\u00e3o garante liberdade de express\u00e3o aos parlamentares. \u201cOs deputados podem falar o que bem entenderem que s\u00e3o inviol\u00e1veis, n\u00e3o podem ser punidos civil e penalmente\u201d, afirmou.<\/p>\n<p>O STF julgou a\u00e7\u00e3o penal aberta em abril do ano passado contra Daniel Silveira, que virou r\u00e9u e passou a responder a processo criminal pela acusa\u00e7\u00e3o de incitamento \u00e0 invas\u00e3o do STF e sugerir agress\u00f5es f\u00edsicas aos ministros da Corte. Os fatos ocorreram em 2020 e 2021, por meio das redes sociais. O deputado chegou a ser preso, mas foi solto posteriormente.<\/p>\n<p>Com a decis\u00e3o do \u00faltimo dia 20, Silveira tamb\u00e9m foi apenado com a perda do mandato e a suspens\u00e3o dos direitos pol\u00edticos ap\u00f3s o fim dos recursos, o que poderia tornar o parlamentar ineleg\u00edvel temporariamente. A Corte estipulou ainda multa de cerca de R$ 200 mil como parte da condena\u00e7\u00e3o.<\/p>\n<p>Fonte: Ag\u00eancia Brasil<\/p>\n","protected":false},"excerpt":{"rendered":"<p>O presidente Jair Bolsonaro afirmou hoje (25) que o governo federal tem atuado para garantir o abastecimento de fertilizantes no Brasil. Em discurso na abertura da 27\u00aa\u00a0 Feira Internacional de Tecnologia Agr\u00edcola em A\u00e7\u00e3o (Agrishow), em Ribeir\u00e3o Preto, no interior paulista, o presidente disse que o pa\u00eds tem obtido resultados, apesar dos embargos econ\u00f4micos sofridos [&hellip;]<\/p>\n","protected":false},"author":246,"featured_media":197989,"comment_status":"closed","ping_status":"closed","sticky":false,"template":"","format":"standard","meta":{"footnotes":""},"categories":[436,254,439],"tags":[],"class_list":["post-197988","post","type-post","status-publish","format-standard","has-post-thumbnail","hentry","category-destaque-da-semana","category-politica","category-ultima-hora"],"_links":{"self":[{"href":"https:\/\/diarioregionaldigital.com.br\/index.php?rest_route=\/wp\/v2\/posts\/197988","targetHints":{"allow":["GET"]}}],"collection":[{"href":"https:\/\/diarioregionaldigital.com.br\/index.php?rest_route=\/wp\/v2\/posts"}],"about":[{"href":"https:\/\/diarioregionaldigital.com.br\/index.php?rest_route=\/wp\/v2\/types\/post"}],"author":[{"embeddable":true,"href":"https:\/\/diarioregionaldigital.com.br\/index.php?rest_route=\/wp\/v2\/users\/246"}],"replies":[{"embeddable":true,"href":"https:\/\/diarioregionaldigital.com.br\/index.php?rest_route=%2Fwp%2Fv2%2Fcomments&post=197988"}],"version-history":[{"count":1,"href":"https:\/\/diarioregionaldigital.com.br\/index.php?rest_route=\/wp\/v2\/posts\/197988\/revisions"}],"predecessor-version":[{"id":197990,"href":"https:\/\/diarioregionaldigital.com.br\/index.php?rest_route=\/wp\/v2\/posts\/197988\/revisions\/197990"}],"wp:featuredmedia":[{"embeddable":true,"href":"https:\/\/diarioregionaldigital.com.br\/index.php?rest_route=\/wp\/v2\/media\/197989"}],"wp:attachment":[{"href":"https:\/\/diarioregionaldigital.com.br\/index.php?rest_route=%2Fwp%2Fv2%2Fmedia&parent=197988"}],"wp:term":[{"taxonomy":"category","embeddable":true,"href":"https:\/\/diarioregionaldigital.com.br\/index.php?rest_route=%2Fwp%2Fv2%2Fcategories&post=197988"},{"taxonomy":"post_tag","embeddable":true,"href":"https:\/\/diarioregionaldigital.com.br\/index.php?rest_route=%2Fwp%2Fv2%2Ftags&post=197988"}],"curies":[{"name":"wp","href":"https:\/\/api.w.org\/{rel}","templated":true}]}}