{"id":197984,"date":"2022-04-25T22:29:18","date_gmt":"2022-04-26T01:29:18","guid":{"rendered":"https:\/\/diarioregionaldigital.com.br\/?p=197984"},"modified":"2022-04-25T22:29:18","modified_gmt":"2022-04-26T01:29:18","slug":"empresa-alema-investira-r-45-milhoes-em-minas-na-fabricacao-de-maquinas-de-geracao-de-hidrogenio-verde","status":"publish","type":"post","link":"https:\/\/diarioregionaldigital.com.br\/?p=197984","title":{"rendered":"Empresa alem\u00e3 investir\u00e1 R$ 45 milh\u00f5es, em Minas, na fabrica\u00e7\u00e3o de m\u00e1quinas de gera\u00e7\u00e3o de hidrog\u00eanio verde"},"content":{"rendered":"<p>L\u00edder na produ\u00e7\u00e3o de energia solar fotovoltaica no pa\u00eds, Minas Gerais j\u00e1 trilha o caminho para ser refer\u00eancia em outra fonte renov\u00e1vel. Com a intermedia\u00e7\u00e3o da\u00a0<a href=\"http:\/\/www.indi.mg.gov.br\/\" target=\"_blank\" rel=\"noopener\">Invest Minas<\/a>, a empresa alem\u00e3 Neuman &amp; Esser assinou um protocolo de inten\u00e7\u00f5es com o\u00a0<a href=\"http:\/\/www.mg.gov.br\/\" target=\"_blank\" rel=\"noopener\">Governo de Minas Gerais<\/a>\u00a0para investir at\u00e9 R$ 45 milh\u00f5es na fabrica\u00e7\u00e3o de equipamentos de gera\u00e7\u00e3o de hidrog\u00eanio verde, que tem emiss\u00e3o de poluentes pr\u00f3xima de zero. Diversas na\u00e7\u00f5es pelo mundo j\u00e1 incentivam a cria\u00e7\u00e3o de projetos de produ\u00e7\u00e3o e uso de hidrog\u00eanio visando \u00e0 redu\u00e7\u00e3o da emiss\u00e3o de gases de efeito estufa.<\/p>\n<p>O hidrog\u00eanio possui valor energ\u00e9tico at\u00e9 tr\u00eas vezes maior que os combust\u00edveis tradicionais e \u00e9 um elemento bastante abundante no nosso planeta. Ele pode ser produzido a partir de diversas fontes, seja por meio de rea\u00e7\u00f5es qu\u00edmicas, como a eletr\u00f3lise, durante a produ\u00e7\u00e3o de outras subst\u00e2ncias (como etanol) ou at\u00e9 do pr\u00f3prio ar. Quando ele \u00e9 obtido por meio de processos tamb\u00e9m sustent\u00e1veis, \u00e9 chamado de \u201chidrog\u00eanio verde\u201d.<\/p>\n<p>A utiliza\u00e7\u00e3o dele tamb\u00e9m \u00e9 variada. Ele pode substituir a gasolina ou o diesel para alimentar os motores dos ve\u00edculos e o g\u00e1s natural na ind\u00fastria. Para falar de uma atividade bem pr\u00f3xima de n\u00f3s, mineiros, o hidrog\u00eanio tamb\u00e9m pode ser usado como substituto do carv\u00e3o mineral na fabrica\u00e7\u00e3o de a\u00e7o. Ele \u00e9 considerado n\u00e3o-poluente porque o res\u00edduo de sua combust\u00e3o \u00e9 o vapor d\u2019\u00e1gua.<\/p>\n<p>\u00c9 a\u00ed que entra a Neuman &amp; Esser. A empresa alem\u00e3, com filial instalada no bairro Olhos D\u2019\u00e1gua, em Belo Horizonte, vai fabricar os geradores de hidrog\u00eanio verde atrav\u00e9s de eletr\u00f3lise e reformadores de etanol e biometano, al\u00e9m de desenvolver outras tecnologias. \u201cDe imediato, vamos investir R$ 20 milh\u00f5es j\u00e1 em 2022 para extens\u00e3o da f\u00e1brica aqui em Minas. Mas teremos mais investimentos em parcerias com empresas que v\u00e3o solicitar outras tecnologias adequadas para as atividades e necessidades delas\u201d, afirma o diretor geral da empresa, Marcelo Veneroso.<\/p>\n<p>A expectativa \u00e9 que o projeto gere cerca de 75 empregos diretos na f\u00e1brica da N&amp;E, al\u00e9m de cerca de 200 indiretos.<\/p>\n<p>De acordo com o secret\u00e1rio de Estado de\u00a0<a href=\"http:\/\/www.desenvolvimento.mg.gov.br\/\" target=\"_blank\" rel=\"noopener\">Desenvolvimento Econ\u00f4mico<\/a>, Fernando Passalio, Minas Gerais foi o\u00a0<a href=\"https:\/\/www.agenciaminas.mg.gov.br\/noticia\/minas-gerais-formaliza-adesao-a-campanha-mundial-race-to-zero-para-zerar-emissoes-de-carbono\" target=\"_blank\" rel=\"noopener\">primeiro Estado na Am\u00e9rica do Sul a se comprometer com a campanha global do Race to Zero<\/a>, com objetivo de alcan\u00e7ar emiss\u00f5es l\u00edquidas zero de gases de efeito estufa at\u00e9 2050.<\/p>\n<p>\u201cAs a\u00e7\u00f5es de descarboniza\u00e7\u00e3o da atual gest\u00e3o do governador Romeu Zema avan\u00e7am, criando um ambiente confi\u00e1vel para que o estado possa ser um protagonista nessa nova economia verde. Reunimos condi\u00e7\u00f5es que v\u00e3o colocar Minas Gerais no centro gerador de insumos para que o mundo possa cumprir essa meta\u201d, destacou o secret\u00e1rio.<\/p>\n<p><strong>Tratamento tribut\u00e1rio para o setor<\/strong><\/p>\n<p>E no processo de atra\u00e7\u00e3o desse investimento para Minas Gerais, a participa\u00e7\u00e3o da\u00a0<a href=\"http:\/\/www.fazenda.mg.gov.br\/\" target=\"_blank\" rel=\"noopener\">Secretaria de Estado de Fazenda<\/a>\u00a0foi fundamental. O \u00f3rg\u00e3o desenvolveu e divulgou o Tratamento Tribut\u00e1rio Setorial (TTS) espec\u00edfico para o segmento de m\u00e1quinas e equipamentos, numa a\u00e7\u00e3o aprovada pela Comiss\u00e3o de Pol\u00edtica Tribut\u00e1ria da Subsecretaria da Receita Estadual. \u201cEntre outros aspectos, o TTS prev\u00ea a concess\u00e3o de diferimentos do ICMS e cr\u00e9dito presumido nas vendas de produtos industrializados em Minas Gerais. Sem d\u00favida, isso contribui para impulsionar a economia regional e gerar empregos para os mineiros\u201d, avalia o subsecret\u00e1rio da Receita Estadual, Osvaldo Scavazza.<\/p>\n<p><strong>Combust\u00edvel do futuro<\/strong><\/p>\n<p>Segundo dados da Ag\u00eancia Internacional para as Energias Renov\u00e1veis (Irena), espera-se que, at\u00e9 2050, cerca de\u00a0<a href=\"https:\/\/www.irena.org\/-\/media\/Files\/IRENA\/Agency\/Publication\/2019\/Sep\/IRENA_Hydrogen_2019.pdf\" target=\"_blank\" rel=\"noopener\">6% do consumo final de energia no mundo poder\u00e1 estar ligado ao hidrog\u00eanio<\/a>. Pensando nisso, muitos pa\u00edses j\u00e1 incentivam o desenvolvimento de tecnologias que permitem a produ\u00e7\u00e3o e o uso comercial do elemento. A Alemanha investe 9 bilh\u00f5es de euros na transi\u00e7\u00e3o para o hidrog\u00eanio e a Holanda pesquisa a inje\u00e7\u00e3o do elemento nas tubula\u00e7\u00f5es de g\u00e1s natural que abastecem casas e ind\u00fastrias.<\/p>\n<p>Outro bom exemplo que pode ser seguido por Minas \u00e9 o do Chile, que quer utilizar outras fontes renov\u00e1veis para produzir hidrog\u00eanio verde. \u201cAs tecnologias de hoje inviabilizam o armazenamento de energia. Voc\u00ea precisa consumir de imediato o que produz. J\u00e1 o hidrog\u00eanio pode ser armazenado. Por isso, pode-se usar as energias solar ou e\u00f3lica para produzir hidrog\u00eanio verde por meio da eletr\u00f3lise e armazen\u00e1-lo. Quando for necess\u00e1rio, voc\u00ea utiliza o hidrog\u00eanio para gerar energia novamente\u201d, explica Veneroso.<\/p>\n<p>Para o diretor de Atra\u00e7\u00e3o de Investimentos da Invest Minas, Ronaldo Alexandre Barquette, o investimento coloca o Estado na lideran\u00e7a desse promissor mercado. \u201cO hidrog\u00eanio verde \u00e9 o combust\u00edvel do futuro, e Minas Gerais possui um potencial imenso neste mercado, tanto de produ\u00e7\u00e3o quanto de consumo. Al\u00e9m disso, os equipamentos que produzem hidrog\u00eanio precisam de pe\u00e7as e componentes que j\u00e1 s\u00e3o ou podem ser produzidos aqui mesmo, criando uma novos neg\u00f3cios dentro do setor da ind\u00fastria\u201d, afirma.<\/p>\n<p>Alberto Machado Neto, diretor-executivo de Petr\u00f3leo, G\u00e1s Natural, Bioenergia e Hidrog\u00eanio da Associa\u00e7\u00e3o Brasileira da Ind\u00fastria de M\u00e1quinas e Equipamentos (ABIMAQ) concorda com Barquette de que investimentos em hidrog\u00eanio, como o da Neuman &amp; Esser, criam novas oportunidades em um mercado que s\u00f3 tende a crescer.<\/p>\n<p>\u201c\u00c9 da maior import\u00e2ncia para o nosso desenvolvimento que o Brasil venha a dominar toda a cadeia de valor envolvida na produ\u00e7\u00e3o de hidrog\u00eanio, incluindo tecnologia, engenharia, fabrica\u00e7\u00e3o de m\u00e1quinas e equipamentos e opera\u00e7\u00e3o das plantas. N\u00f3s atuamos no sentido de engajar o m\u00e1ximo empresas para aproveitar as demandas que ir\u00e3o surgir com a introdu\u00e7\u00e3o no hidrog\u00eanio na matriz energ\u00e9tica\u201d, afirma o dirigente.<\/p>\n<p><span style=\"font-weight: 400;\"><br \/>\n<\/span><span style=\"font-weight: 400;\">Fonte: Ag\u00eancia Minas <\/span><\/p>\n","protected":false},"excerpt":{"rendered":"<p>L\u00edder na produ\u00e7\u00e3o de energia solar fotovoltaica no pa\u00eds, Minas Gerais j\u00e1 trilha o caminho para ser refer\u00eancia em outra fonte renov\u00e1vel. Com a intermedia\u00e7\u00e3o da\u00a0Invest Minas, a empresa alem\u00e3 Neuman &amp; Esser assinou um protocolo de inten\u00e7\u00f5es com o\u00a0Governo de Minas Gerais\u00a0para investir at\u00e9 R$ 45 milh\u00f5es na fabrica\u00e7\u00e3o de equipamentos de gera\u00e7\u00e3o de [&hellip;]<\/p>\n","protected":false},"author":246,"featured_media":197985,"comment_status":"closed","ping_status":"closed","sticky":false,"template":"","format":"standard","meta":{"footnotes":""},"categories":[436,254,439],"tags":[],"class_list":["post-197984","post","type-post","status-publish","format-standard","has-post-thumbnail","hentry","category-destaque-da-semana","category-politica","category-ultima-hora"],"_links":{"self":[{"href":"https:\/\/diarioregionaldigital.com.br\/index.php?rest_route=\/wp\/v2\/posts\/197984","targetHints":{"allow":["GET"]}}],"collection":[{"href":"https:\/\/diarioregionaldigital.com.br\/index.php?rest_route=\/wp\/v2\/posts"}],"about":[{"href":"https:\/\/diarioregionaldigital.com.br\/index.php?rest_route=\/wp\/v2\/types\/post"}],"author":[{"embeddable":true,"href":"https:\/\/diarioregionaldigital.com.br\/index.php?rest_route=\/wp\/v2\/users\/246"}],"replies":[{"embeddable":true,"href":"https:\/\/diarioregionaldigital.com.br\/index.php?rest_route=%2Fwp%2Fv2%2Fcomments&post=197984"}],"version-history":[{"count":2,"href":"https:\/\/diarioregionaldigital.com.br\/index.php?rest_route=\/wp\/v2\/posts\/197984\/revisions"}],"predecessor-version":[{"id":197987,"href":"https:\/\/diarioregionaldigital.com.br\/index.php?rest_route=\/wp\/v2\/posts\/197984\/revisions\/197987"}],"wp:featuredmedia":[{"embeddable":true,"href":"https:\/\/diarioregionaldigital.com.br\/index.php?rest_route=\/wp\/v2\/media\/197985"}],"wp:attachment":[{"href":"https:\/\/diarioregionaldigital.com.br\/index.php?rest_route=%2Fwp%2Fv2%2Fmedia&parent=197984"}],"wp:term":[{"taxonomy":"category","embeddable":true,"href":"https:\/\/diarioregionaldigital.com.br\/index.php?rest_route=%2Fwp%2Fv2%2Fcategories&post=197984"},{"taxonomy":"post_tag","embeddable":true,"href":"https:\/\/diarioregionaldigital.com.br\/index.php?rest_route=%2Fwp%2Fv2%2Ftags&post=197984"}],"curies":[{"name":"wp","href":"https:\/\/api.w.org\/{rel}","templated":true}]}}