{"id":197980,"date":"2022-04-25T22:27:42","date_gmt":"2022-04-26T01:27:42","guid":{"rendered":"https:\/\/diarioregionaldigital.com.br\/?p=197980"},"modified":"2022-04-25T22:27:42","modified_gmt":"2022-04-26T01:27:42","slug":"estado-e-entidades-do-comercio-firmam-parceria-para-fomentar-o-turismo","status":"publish","type":"post","link":"https:\/\/diarioregionaldigital.com.br\/?p=197980","title":{"rendered":"Estado e entidades do com\u00e9rcio firmam parceria para fomentar o turismo"},"content":{"rendered":"<p>O governador Romeu Zema participou, nesta segunda-feira (25\/4), da assinatura do acordo de coopera\u00e7\u00e3o firmado entre o\u00a0<a href=\"https:\/\/www.mg.gov.br\/\" target=\"_blank\" rel=\"noopener\">Governo de Minas<\/a>, por meio da\u00a0<a href=\"https:\/\/www.secult.mg.gov.br\/\" target=\"_blank\" rel=\"noopener\">Secretaria de Cultura e Turismo (Secult)<\/a>, a Federa\u00e7\u00e3o do Com\u00e9rcio Bens, Servi\u00e7os e Turismo (Fecom\u00e9rio-MG), Sesc e Senac. A parceria tem o objetivo de fomentar a atividade tur\u00edstica no estado, por meio do projeto Via Liberdade.<\/p>\n<p>Com o termo, as entidades que representam o com\u00e9rcio mineiro ir\u00e3o contribuir com a realiza\u00e7\u00e3o de a\u00e7\u00f5es promocionais, capacita\u00e7\u00e3o de empres\u00e1rios e agentes de turismo, marketing tur\u00edstico e o interc\u00e2mbio cultural do Via Liberdade, projeto que cria uma nova rota tur\u00edstica e cultural conectando Rio de Janeiro, Minas Gerais, Goi\u00e1s e Bras\u00edlia, por meio de a\u00e7\u00f5es e programas estrat\u00e9gicos ao longo da BR-040.<\/p>\n<p>A assinatura do acordo de coopera\u00e7\u00e3o antecede o lan\u00e7amento do Via Liberdade, marcado para esta ter\u00e7a-feira (26\/4), durante solenidade realizada no Pal\u00e1cio da Liberdade e que contar\u00e1 com a presen\u00e7a do governador de Minas Gerais e representantes do turismo dos estados que fazem parte do trajeto.<\/p>\n<p>\u201cO que estamos fazendo aqui \u00e9 um trabalho que ser\u00e1 realizado ao longo dos pr\u00f3ximos anos para que todo este trajeto seja mais bem estruturado, no sentido de se transformar em algo bastante atrativo para quem transita\u201d, explicou o governador.<\/p>\n<p>Zema salientou ainda a import\u00e2ncia do turismo e da cultura para o desenvolvimento do estado. \u201cTemos uma gastronomia que \u00e9 uma das melhores do mundo, temos as cidades hist\u00f3ricas, temos as montanhas, nossos lagos e, principalmente, um povo acolhedor, al\u00e9m de o estado ser o mais seguro do Brasil. Quem viaja quer seguran\u00e7a e tranquilidade\u201d disse.<\/p>\n<p><strong>Rota tur\u00edstica<\/strong><\/p>\n<p>O Via Liberdade ser\u00e1 a maior rota tur\u00edstica da Am\u00e9rica Latina, ligando 309 munic\u00edpios nos tr\u00eas estados e Distrito Federal. O projeto busca oportunidades tur\u00edsticas no percurso de 1.179 quil\u00f4metros da BR-040, sendo 830 km em Minas Gerais, por meio de a\u00e7\u00f5es e programas estrat\u00e9gicos, que incluem patrim\u00f4nios da humanidade, paisagens entre montanhas e mar, natureza, comidas t\u00edpicas, tradi\u00e7\u00f5es e arte.<\/p>\n<p>O projeto faz parte do programa Reviva Turismo, lan\u00e7ado pelo Estado para a retomada do turismo p\u00f3s-pandemia, e prev\u00ea R$ 12,2 milh\u00f5es em investimentos, incluindo parceiros e capta\u00e7\u00f5es.<\/p>\n<p>A expectativa \u00e9 a de que o novo trajeto, que passa por 188 munic\u00edpios mineiros, fomente o turismo e a cultura da regi\u00e3o, aumentando a gera\u00e7\u00e3o de emprego e renda e o tempo de perman\u00eancia dos turistas em Minas.<\/p>\n<p>A cidade de Paracatu, localizada no noroeste de Minas, est\u00e1 inserida no caminho da Liberdade. De acordo com o prefeito Igor Santos, a iniciativa vai impulsionar a economia do munic\u00edpio e a atra\u00e7\u00e3o de turistas.<\/p>\n<p>\u201cA BR 040 \u00e9 um ativo para o desenvolvimento dos munic\u00edpios e agora o governo vai transformar a rodovia em uma importante rota para a cultura e turismo. Paracatu ser\u00e1 bastante beneficiada, uma vez que poderemos mostrar ainda mais nossa cidade, vendendo para os turistas a nossa gastronomia e outras potencialidades que fazem do munic\u00edpio um patrim\u00f4nio cultural brasileiro\u201d disse.<\/p>\n<p><strong>Reviva Turismo<\/strong><\/p>\n<p>O programa Reviva Turismo, da Secretaria de Estado de Cultura e Turismo, tem potencializado as a\u00e7\u00f5es de retomada das atividades do setor em todo o estado. J\u00e1 foram investidos R$ 9,2 milh\u00f5es em a\u00e7\u00f5es de promo\u00e7\u00e3o dos destinos mineiros, capacita\u00e7\u00e3o de gestores, al\u00e9m de repasse de recursos via edital para retomada da atividade.<\/p>\n<p>A previs\u00e3o \u00e9 a de que at\u00e9 2023 sejam investidos R$ 26 milh\u00f5es para o desenvolvimento tur\u00edstico das cidades mineiras. Entre as a\u00e7\u00f5es do programa est\u00e3o as que contemplam lan\u00e7amento de novos editais, realiza\u00e7\u00e3o de pesquisas e levantamento de indicadores, capacita\u00e7\u00f5es presenciais e a dist\u00e2ncia, promo\u00e7\u00e3o e iniciativas para fomentar a competitividade de mercado dos destinos.<\/p>\n<p>Fonte: Ag\u00eancia Minas<\/p>\n","protected":false},"excerpt":{"rendered":"<p>O governador Romeu Zema participou, nesta segunda-feira (25\/4), da assinatura do acordo de coopera\u00e7\u00e3o firmado entre o\u00a0Governo de Minas, por meio da\u00a0Secretaria de Cultura e Turismo (Secult), a Federa\u00e7\u00e3o do Com\u00e9rcio Bens, Servi\u00e7os e Turismo (Fecom\u00e9rio-MG), Sesc e Senac. A parceria tem o objetivo de fomentar a atividade tur\u00edstica no estado, por meio do projeto [&hellip;]<\/p>\n","protected":false},"author":246,"featured_media":197981,"comment_status":"closed","ping_status":"closed","sticky":false,"template":"","format":"standard","meta":{"footnotes":""},"categories":[436,254,439],"tags":[],"class_list":["post-197980","post","type-post","status-publish","format-standard","has-post-thumbnail","hentry","category-destaque-da-semana","category-politica","category-ultima-hora"],"_links":{"self":[{"href":"https:\/\/diarioregionaldigital.com.br\/index.php?rest_route=\/wp\/v2\/posts\/197980","targetHints":{"allow":["GET"]}}],"collection":[{"href":"https:\/\/diarioregionaldigital.com.br\/index.php?rest_route=\/wp\/v2\/posts"}],"about":[{"href":"https:\/\/diarioregionaldigital.com.br\/index.php?rest_route=\/wp\/v2\/types\/post"}],"author":[{"embeddable":true,"href":"https:\/\/diarioregionaldigital.com.br\/index.php?rest_route=\/wp\/v2\/users\/246"}],"replies":[{"embeddable":true,"href":"https:\/\/diarioregionaldigital.com.br\/index.php?rest_route=%2Fwp%2Fv2%2Fcomments&post=197980"}],"version-history":[{"count":2,"href":"https:\/\/diarioregionaldigital.com.br\/index.php?rest_route=\/wp\/v2\/posts\/197980\/revisions"}],"predecessor-version":[{"id":197983,"href":"https:\/\/diarioregionaldigital.com.br\/index.php?rest_route=\/wp\/v2\/posts\/197980\/revisions\/197983"}],"wp:featuredmedia":[{"embeddable":true,"href":"https:\/\/diarioregionaldigital.com.br\/index.php?rest_route=\/wp\/v2\/media\/197981"}],"wp:attachment":[{"href":"https:\/\/diarioregionaldigital.com.br\/index.php?rest_route=%2Fwp%2Fv2%2Fmedia&parent=197980"}],"wp:term":[{"taxonomy":"category","embeddable":true,"href":"https:\/\/diarioregionaldigital.com.br\/index.php?rest_route=%2Fwp%2Fv2%2Fcategories&post=197980"},{"taxonomy":"post_tag","embeddable":true,"href":"https:\/\/diarioregionaldigital.com.br\/index.php?rest_route=%2Fwp%2Fv2%2Ftags&post=197980"}],"curies":[{"name":"wp","href":"https:\/\/api.w.org\/{rel}","templated":true}]}}