{"id":197977,"date":"2022-04-25T22:24:54","date_gmt":"2022-04-26T01:24:54","guid":{"rendered":"https:\/\/diarioregionaldigital.com.br\/?p=197977"},"modified":"2022-04-25T22:24:54","modified_gmt":"2022-04-26T01:24:54","slug":"governo-e-mp-assinam-acordo-para-regularizacao-fundiaria-do-parque-estadual-de-serra-nova-e-talhado-no-norte-do-estado","status":"publish","type":"post","link":"https:\/\/diarioregionaldigital.com.br\/?p=197977","title":{"rendered":"Governo e MP assinam acordo para regulariza\u00e7\u00e3o fundi\u00e1ria do Parque Estadual de Serra Nova e Talhado, no Norte do estado"},"content":{"rendered":"<p><main class=\"clear margin-md-bottom-3\"><\/p>\n<div class=\"clear \">\n<p>O governador Romeu Zema participou, nesta segunda-feira (25\/4), na sede do Minist\u00e9rio P\u00fablico do Estado de Minas Gerais (MPMG), em Belo Horizonte, da assinatura do Termo de Ajustamento de Conduta (TAC) para regulariza\u00e7\u00e3o fundi\u00e1ria e implanta\u00e7\u00e3o do plano de manejo do Parque Estadual de Serra Nova e Talhado, localizado no Norte de Minas.<\/p>\n<p>O\u00a0<a href=\"https:\/\/www.mg.gov.br\/\" target=\"_blank\" rel=\"noopener\">Governo de Minas<\/a>\u00a0ter\u00e1 12 meses para apresentar ao MPMG um cronograma da regulariza\u00e7\u00e3o fundi\u00e1ria e da infraestrutura que o parque ainda demanda, e 48 meses para efetiv\u00e1-lo.<\/p>\n<p>A Unidade de Conserva\u00e7\u00e3o tamb\u00e9m receber\u00e1 investimentos para melhorias e atra\u00e7\u00e3o de mais visitantes.<\/p>\n<p><strong>Resultados<\/strong><\/p>\n<p>De acordo com o governador, o acordo significa que a parceria entre o Governo de Minas e o MPMG \u00e9 voltada para a constru\u00e7\u00e3o de resultados para a sociedade.<\/p>\n<p>\u201cCom essa assinatura, reduzimos mais um passivo. Assim como em diversas \u00e1reas, a \u00e1rea ambiental tamb\u00e9m est\u00e1 dando passos importantes. Temos que ter unidades de preserva\u00e7\u00e3o, mas \u00e9 preciso que esses ativos fa\u00e7am parte do desenvolvimento do estado por meio de uma infraestrutura capaz de atender bem os turistas de dentro e de fora do Brasil\u201d, explicou.<\/p>\n<p>Zema lembrou de pautas ambientais importantes para Minas que avan\u00e7aram e que s\u00e3o um dos pilares da sua gest\u00e3o, como a redu\u00e7\u00e3o de mais de 60 lix\u00f5es em todo o estado, al\u00e9m da iniciativa pioneira no pa\u00eds de conceder \u00e0 iniciativa privada a gest\u00e3o dos res\u00edduos s\u00f3lidos de um cons\u00f3rcio de munic\u00edpios do Tri\u00e2ngulo Mineiro, realizada na semana passada.<\/p>\n<p><strong>Compromisso<\/strong><\/p>\n<p>Tamb\u00e9m presente na solenidade, a secret\u00e1ria de Estado de\u00a0<a href=\"http:\/\/www.meioambiente.mg.gov.br\/\" target=\"_blank\" rel=\"noopener\">Meio Ambiente e Desenvolvimento Sustent\u00e1vel<\/a>, Mar\u00edlia Melo, explicou que o Estado de Minas Gerais, durante um longo tempo, criou v\u00e1rias Unidades de Conserva\u00e7\u00e3o sem realizar a regulariza\u00e7\u00e3o fundi\u00e1ria.<\/p>\n<p>\u201cIsso significa que o estado n\u00e3o pagou \u00e0s pessoas que t\u00eam a titularidade da terra. \u00c9 um grande passivo que o Governo de Minas possui. De uma maneira respons\u00e1vel e dentro do or\u00e7amento que temos, estamos iniciando o processo de regulariza\u00e7\u00e3o e com o compromisso de n\u00e3o criar outros at\u00e9 que se possa resolver esse passivo que herdamos\u201d, afirmou.<\/p>\n<p><strong>Reconhecimento<\/strong><\/p>\n<p>O parque, com quase 50 mil hectares, faz parte da Reserva da Biosfera da Serra do Espinha\u00e7o, reconhecida pela Organiza\u00e7\u00e3o das Na\u00e7\u00f5es Unidas para a Educa\u00e7\u00e3o, a Ci\u00eancia e a Cultura (Unesco) como uma \u00e1rea priorit\u00e1ria para conserva\u00e7\u00e3o das riquezas naturais e culturais existentes no planeta.<\/p>\n<p>Com o bioma do Cerrado, resqu\u00edcios de Mata Atl\u00e2ntica e Campos Rupestres, a Unidade de Conserva\u00e7\u00e3o abrange os munic\u00edpios de Rio Pardo de Minas, Serran\u00f3polis de Minas, Mato Verde, Porteirinha e Riacho dos Machados.<\/p>\n<p>Fonte: Ag\u00eancia Minas<\/p>\n<\/div>\n<p><\/main><\/p>\n","protected":false},"excerpt":{"rendered":"<p>O governador Romeu Zema participou, nesta segunda-feira (25\/4), na sede do Minist\u00e9rio P\u00fablico do Estado de Minas Gerais (MPMG), em Belo Horizonte, da assinatura do Termo de Ajustamento de Conduta (TAC) para regulariza\u00e7\u00e3o fundi\u00e1ria e implanta\u00e7\u00e3o do plano de manejo do Parque Estadual de Serra Nova e Talhado, localizado no Norte de Minas. O\u00a0Governo de [&hellip;]<\/p>\n","protected":false},"author":246,"featured_media":197978,"comment_status":"closed","ping_status":"closed","sticky":false,"template":"","format":"standard","meta":{"footnotes":""},"categories":[436,440,254,439],"tags":[],"class_list":["post-197977","post","type-post","status-publish","format-standard","has-post-thumbnail","hentry","category-destaque-da-semana","category-destaques-do-dia","category-politica","category-ultima-hora"],"_links":{"self":[{"href":"https:\/\/diarioregionaldigital.com.br\/index.php?rest_route=\/wp\/v2\/posts\/197977","targetHints":{"allow":["GET"]}}],"collection":[{"href":"https:\/\/diarioregionaldigital.com.br\/index.php?rest_route=\/wp\/v2\/posts"}],"about":[{"href":"https:\/\/diarioregionaldigital.com.br\/index.php?rest_route=\/wp\/v2\/types\/post"}],"author":[{"embeddable":true,"href":"https:\/\/diarioregionaldigital.com.br\/index.php?rest_route=\/wp\/v2\/users\/246"}],"replies":[{"embeddable":true,"href":"https:\/\/diarioregionaldigital.com.br\/index.php?rest_route=%2Fwp%2Fv2%2Fcomments&post=197977"}],"version-history":[{"count":1,"href":"https:\/\/diarioregionaldigital.com.br\/index.php?rest_route=\/wp\/v2\/posts\/197977\/revisions"}],"predecessor-version":[{"id":197979,"href":"https:\/\/diarioregionaldigital.com.br\/index.php?rest_route=\/wp\/v2\/posts\/197977\/revisions\/197979"}],"wp:featuredmedia":[{"embeddable":true,"href":"https:\/\/diarioregionaldigital.com.br\/index.php?rest_route=\/wp\/v2\/media\/197978"}],"wp:attachment":[{"href":"https:\/\/diarioregionaldigital.com.br\/index.php?rest_route=%2Fwp%2Fv2%2Fmedia&parent=197977"}],"wp:term":[{"taxonomy":"category","embeddable":true,"href":"https:\/\/diarioregionaldigital.com.br\/index.php?rest_route=%2Fwp%2Fv2%2Fcategories&post=197977"},{"taxonomy":"post_tag","embeddable":true,"href":"https:\/\/diarioregionaldigital.com.br\/index.php?rest_route=%2Fwp%2Fv2%2Ftags&post=197977"}],"curies":[{"name":"wp","href":"https:\/\/api.w.org\/{rel}","templated":true}]}}