{"id":197970,"date":"2022-04-25T22:02:37","date_gmt":"2022-04-26T01:02:37","guid":{"rendered":"https:\/\/diarioregionaldigital.com.br\/?p=197970"},"modified":"2022-04-25T22:02:37","modified_gmt":"2022-04-26T01:02:37","slug":"poupanca-tem-retirada-liquida-de-r-463-bi-ate-metade-de-abril","status":"publish","type":"post","link":"https:\/\/diarioregionaldigital.com.br\/?p=197970","title":{"rendered":"Poupan\u00e7a tem retirada l\u00edquida de R$ 46,3 bi at\u00e9 metade de abril"},"content":{"rendered":"<p>A aplica\u00e7\u00e3o financeira mais tradicional dos brasileiros est\u00e1 batendo recorde de retiradas em 2022. At\u00e9 14 de abril, os brasileiros sacaram R$ 46,29 bilh\u00f5es a mais do que depositaram na caderneta de poupan\u00e7a, informou hoje (25) o Banco Central (BC).<\/p>\n<p>Por causa da greve dos servidores do BC, a divulga\u00e7\u00e3o do relat\u00f3rio estava paralisada. Com a\u00a0<a href=\"https:\/\/agenciabrasil.ebc.com.br\/geral\/noticia\/2022-04\/servidores-do-bc-suspendem-greve-mas-mantem-operacao-padrao\" target=\"_blank\" rel=\"noopener\">suspens\u00e3o do movimento<\/a>\u00a0na semana passada, a apresenta\u00e7\u00e3o de estat\u00edsticas est\u00e1 sendo gradualmente retomada.<\/p>\n<p>Apenas em mar\u00e7o, os brasileiros sacaram R$ 15,36 bilh\u00f5es a mais do que depositaram na poupan\u00e7a. A retirada l\u00edquida \u00e9 a maior registrada para o m\u00eas, desde o in\u00edcio da s\u00e9rie hist\u00f3rica, em 1995. Nos 14 primeiros dias de abril, os saques superaram os dep\u00f3sitos em R$ 5,92 bilh\u00f5es.<\/p>\n<p>Tradicionalmente, os primeiros meses do ano s\u00e3o marcados pelo forte volume de saques na poupan\u00e7a. O pagamento de impostos e despesas como material escolar e parcelamentos das compras de Natal impactam as contas dos brasileiros no in\u00edcio de cada ano.<\/p>\n<p>Em 2020, a poupan\u00e7a registrou capta\u00e7\u00e3o l\u00edquida (dep\u00f3sitos menos saques) recorde de R$ 166,31 bilh\u00f5es. Contribuiu para o resultado a instabilidade no mercado de t\u00edtulos p\u00fablicos no in\u00edcio da pandemia de covid-19 e o pagamento do aux\u00edlio emergencial, que foi depositado em contas poupan\u00e7a digitais da Caixa Econ\u00f4mica Federal.<\/p>\n<p>No ano passado, a poupan\u00e7a tinha registrado retirada l\u00edquida de R$ 35,5 bilh\u00f5es. A aplica\u00e7\u00e3o foi pressionada pelo fim do aux\u00edlio emergencial, pelos rendimentos baixos e pelo endividamento maior dos brasileiros. A retirada l\u00edquida \u2013 diferen\u00e7a entre saques e dep\u00f3sitos \u2013 s\u00f3 n\u00e3o foi maior que a registrada em 2015 (R$ 53,57 bilh\u00f5es) e em 2016 (R$ 40,7 bilh\u00f5es). Naqueles anos, a forte crise econ\u00f4mica levou os brasileiros a sacarem recursos da aplica\u00e7\u00e3o.<img decoding=\"async\" src=\"https:\/\/agenciabrasil.ebc.com.br\/ebc.png?id=1456031&amp;o=node\" \/><img decoding=\"async\" src=\"https:\/\/agenciabrasil.ebc.com.br\/ebc.gif?id=1456031&amp;o=node\" \/><\/p>\n<h2>Rendimento<\/h2>\n<p>At\u00e9 recentemente, a poupan\u00e7a rendia 70% da Taxa Selic (juros b\u00e1sicos da economia). Desde dezembro do ano passado, a aplica\u00e7\u00e3o passou a render o equivalente \u00e0 taxa referencial (TR) mais 6,17% ao ano, porque a Selic voltou a ficar acima de 8,5% ao ano. Atualmente, os juros b\u00e1sicos est\u00e3o em 11,75% ao ano.<\/p>\n<p>O aumento dos juros, no entanto, foi insuficiente para fazer a poupan\u00e7a render mais que a infla\u00e7\u00e3o, provocando a fuga de alguns investidores. Nos 12 meses terminados em mar\u00e7o, a aplica\u00e7\u00e3o rendeu 4,34%, segundo o Banco Central. No mesmo per\u00edodo, o\u00a0<a href=\"https:\/\/agenciabrasil.ebc.com.br\/economia\/noticia\/2022-04\/inflacao-oficial-sobe-para-162-em-marco\" target=\"_blank\" rel=\"noopener\">\u00cdndice Nacional de Pre\u00e7os ao Consumidor (IPCA)<\/a>, que mede a infla\u00e7\u00e3o oficial, atingiu 11,3%.<\/p>\n<p>Fonte: Ag\u00eancia Brasil<\/p>\n","protected":false},"excerpt":{"rendered":"<p>A aplica\u00e7\u00e3o financeira mais tradicional dos brasileiros est\u00e1 batendo recorde de retiradas em 2022. At\u00e9 14 de abril, os brasileiros sacaram R$ 46,29 bilh\u00f5es a mais do que depositaram na caderneta de poupan\u00e7a, informou hoje (25) o Banco Central (BC). Por causa da greve dos servidores do BC, a divulga\u00e7\u00e3o do relat\u00f3rio estava paralisada. Com [&hellip;]<\/p>\n","protected":false},"author":246,"featured_media":197971,"comment_status":"closed","ping_status":"closed","sticky":false,"template":"","format":"standard","meta":{"footnotes":""},"categories":[436,261,439],"tags":[],"class_list":["post-197970","post","type-post","status-publish","format-standard","has-post-thumbnail","hentry","category-destaque-da-semana","category-economia","category-ultima-hora"],"_links":{"self":[{"href":"https:\/\/diarioregionaldigital.com.br\/index.php?rest_route=\/wp\/v2\/posts\/197970","targetHints":{"allow":["GET"]}}],"collection":[{"href":"https:\/\/diarioregionaldigital.com.br\/index.php?rest_route=\/wp\/v2\/posts"}],"about":[{"href":"https:\/\/diarioregionaldigital.com.br\/index.php?rest_route=\/wp\/v2\/types\/post"}],"author":[{"embeddable":true,"href":"https:\/\/diarioregionaldigital.com.br\/index.php?rest_route=\/wp\/v2\/users\/246"}],"replies":[{"embeddable":true,"href":"https:\/\/diarioregionaldigital.com.br\/index.php?rest_route=%2Fwp%2Fv2%2Fcomments&post=197970"}],"version-history":[{"count":1,"href":"https:\/\/diarioregionaldigital.com.br\/index.php?rest_route=\/wp\/v2\/posts\/197970\/revisions"}],"predecessor-version":[{"id":197972,"href":"https:\/\/diarioregionaldigital.com.br\/index.php?rest_route=\/wp\/v2\/posts\/197970\/revisions\/197972"}],"wp:featuredmedia":[{"embeddable":true,"href":"https:\/\/diarioregionaldigital.com.br\/index.php?rest_route=\/wp\/v2\/media\/197971"}],"wp:attachment":[{"href":"https:\/\/diarioregionaldigital.com.br\/index.php?rest_route=%2Fwp%2Fv2%2Fmedia&parent=197970"}],"wp:term":[{"taxonomy":"category","embeddable":true,"href":"https:\/\/diarioregionaldigital.com.br\/index.php?rest_route=%2Fwp%2Fv2%2Fcategories&post=197970"},{"taxonomy":"post_tag","embeddable":true,"href":"https:\/\/diarioregionaldigital.com.br\/index.php?rest_route=%2Fwp%2Fv2%2Ftags&post=197970"}],"curies":[{"name":"wp","href":"https:\/\/api.w.org\/{rel}","templated":true}]}}