{"id":197957,"date":"2022-04-24T06:00:45","date_gmt":"2022-04-24T09:00:45","guid":{"rendered":"https:\/\/diarioregionaldigital.com.br\/?p=197957"},"modified":"2022-04-22T23:53:27","modified_gmt":"2022-04-23T02:53:27","slug":"estresse-infantil-2","status":"publish","type":"post","link":"https:\/\/diarioregionaldigital.com.br\/?p=197957","title":{"rendered":"Estresse infantil"},"content":{"rendered":"<p>A inf\u00e2ncia tem sido amea\u00e7ada por um novo vil\u00e3o: o estresse.<\/p>\n<p>A inf\u00e2ncia hoje n\u00e3o \u00e9 mais t\u00e3o inocente como antigamente. As crian\u00e7as mant\u00eam jornadas de at\u00e9 dez horas di\u00e1rias, distribu\u00eddas entre escola e atividades complementares&#8230; Confinadas em apartamentos, transformam o computador e a internet em janelas para o mundo, vivendo uma realidade virtual.<\/p>\n<p>Diante disso, pais, educadores e m\u00e9dicos est\u00e3o se voltando para o conforto emocional das crian\u00e7as. E quando o assunto \u00e9 estresse, \u00e9 preciso ter em mente que ele nem sempre \u00e9 prejudicial, pois todos precisamos de algum estresse para viver.<\/p>\n<p>Especialistas dizem que a hora do parto \u00e9 a primeira experi\u00eancia da crian\u00e7a com o estresse, seja o parto normal ou cesariana. Primeiro, ocorre o <em>eustresse<\/em>, modalidade positiva que nos leva a decidir entre agir ou fugir. Depois, se houver risco de sofrimento fetal, surge o <em>distresse<\/em>, e o nascimento passa a ser considerado traum\u00e1tico.<\/p>\n<p>No comecinho de vida, o estilo de vida e a harmonia entre pais e familiares mais pr\u00f3ximos do beb\u00ea s\u00e3o cruciais. O beb\u00ea ir\u00e1 aprender observando e imitando os pais; ele capta sinais de nervosismo, de irrita\u00e7\u00e3o e de medo. Da\u00ed a import\u00e2ncia de uma crian\u00e7a nascer e crescer em um ambiente emocional est\u00e1vel.<\/p>\n<p>A m\u00e3e \u00e9 fundamental ao desenvolvimento do beb\u00ea, n\u00e3o s\u00f3 pela prote\u00e7\u00e3o e cuidados que representa, mas pela influ\u00eancia que exerce na vida da crian\u00e7a. Logo nos primeiros dias de vida do beb\u00ea, sua atitude em rela\u00e7\u00e3o a hor\u00e1rios de mamadas, por exemplo, j\u00e1 determina em grande parte como ser\u00e1 a personalidade da crian\u00e7a no futuro. Se for o primeiro filho, certamente ela n\u00e3o ag\u00fcentar\u00e1 ouvi-lo chorar por muito tempo e, prontamente, o amamentar\u00e1, mesmo que tenha acabado de faz\u00ea-lo. Isso ocorrendo repetidas vezes, o beb\u00ea se acostumar\u00e1 ao \u201cpronto atendimento\u201d e, com o passar dos anos, se tornar\u00e1 uma crian\u00e7a \u201cmimada\u201d, que n\u00e3o consegue lidar com contrariedades. Quando atingir a idade escolar, essa crian\u00e7a ter\u00e1 problemas, pois lhe faltar\u00e3o recursos para interagir com o novo meio. Na escola, ela ter\u00e1 de dividir aten\u00e7\u00e3o e brinquedos, mas como n\u00e3o aprendeu a fazer isso, se sentir\u00e1 contrariada e brigar\u00e1. Crian\u00e7as sadias tamb\u00e9m brigam, mas brigas muito freq\u00fcentes ou isolamento por parte das outras crian\u00e7as pode ser sinal de que algo n\u00e3o vai bem.<\/p>\n<p>Em crian\u00e7as e adolescentes, os principais fatores de estresse s\u00e3o: perdas familiares importantes, mudan\u00e7a de cidade ou de escola, brigas constantes entre os pais ou a separa\u00e7\u00e3o destes, viol\u00eancia dom\u00e9stica, exig\u00eancia exagerada de desempenho escolar, social ou esportivo, nascimento de irm\u00e3os, doen\u00e7as e hospitaliza\u00e7\u00e3o.<\/p>\n<p>Durante os anos de crescimento, o referencial de vida de crian\u00e7as e adolescentes s\u00e3o seus pais e familiares. Eles s\u00e3o verdadeiros espelhos para seus filhos, e a atitude que tiverem perante a vida repercutir\u00e1 nas cren\u00e7as e paradigmas que nortear\u00e3o a vida futura de seus filhos. Se foram muito protetores, certamente eliminar\u00e3o os desafios da vida de seus filhos e, como resultado, estes n\u00e3o saber\u00e3o lidar com as situa\u00e7\u00f5es a que forem expostos.<\/p>\n<p>A adolesc\u00eancia \u00e9 o momento da forma\u00e7\u00e3o da identidade pessoal, das grandes descobertas, e o estresse \u00e9 iminente: estresse hormonal, estresse social e estresse familiar. Na adolesc\u00eancia, rebeldia e impulsividade s\u00e3o desej\u00e1veis, mas os pais precisam saber lidar com isso, dando aos filhos, al\u00e9m do exemplo, incentivos, para que confiem em si mesmos, e apoio, para lidar com as conseq\u00fc\u00eancias de suas a\u00e7\u00f5es. Sem exemplo, sem autoconfian\u00e7a e sem apoio a adolesc\u00eancia pode ser num verdadeiro per\u00edodo de trevas e o adolescente pode tornar-se um adulto infeliz, improdutivo, sem perspectivas nem identidade pr\u00f3pria.<\/p>\n","protected":false},"excerpt":{"rendered":"<p>A inf\u00e2ncia tem sido amea\u00e7ada por um novo vil\u00e3o: o estresse. A inf\u00e2ncia hoje n\u00e3o \u00e9 mais t\u00e3o inocente como antigamente. As crian\u00e7as mant\u00eam jornadas de at\u00e9 dez horas di\u00e1rias, distribu\u00eddas entre escola e atividades complementares&#8230; Confinadas em apartamentos, transformam o computador e a internet em janelas para o mundo, vivendo uma realidade virtual. Diante [&hellip;]<\/p>\n","protected":false},"author":96,"featured_media":0,"comment_status":"closed","ping_status":"closed","sticky":false,"template":"","format":"standard","meta":{"footnotes":""},"categories":[274],"tags":[],"class_list":["post-197957","post","type-post","status-publish","format-standard","hentry","category-dr-lair-ribeiro"],"_links":{"self":[{"href":"https:\/\/diarioregionaldigital.com.br\/index.php?rest_route=\/wp\/v2\/posts\/197957","targetHints":{"allow":["GET"]}}],"collection":[{"href":"https:\/\/diarioregionaldigital.com.br\/index.php?rest_route=\/wp\/v2\/posts"}],"about":[{"href":"https:\/\/diarioregionaldigital.com.br\/index.php?rest_route=\/wp\/v2\/types\/post"}],"author":[{"embeddable":true,"href":"https:\/\/diarioregionaldigital.com.br\/index.php?rest_route=\/wp\/v2\/users\/96"}],"replies":[{"embeddable":true,"href":"https:\/\/diarioregionaldigital.com.br\/index.php?rest_route=%2Fwp%2Fv2%2Fcomments&post=197957"}],"version-history":[{"count":1,"href":"https:\/\/diarioregionaldigital.com.br\/index.php?rest_route=\/wp\/v2\/posts\/197957\/revisions"}],"predecessor-version":[{"id":197958,"href":"https:\/\/diarioregionaldigital.com.br\/index.php?rest_route=\/wp\/v2\/posts\/197957\/revisions\/197958"}],"wp:attachment":[{"href":"https:\/\/diarioregionaldigital.com.br\/index.php?rest_route=%2Fwp%2Fv2%2Fmedia&parent=197957"}],"wp:term":[{"taxonomy":"category","embeddable":true,"href":"https:\/\/diarioregionaldigital.com.br\/index.php?rest_route=%2Fwp%2Fv2%2Fcategories&post=197957"},{"taxonomy":"post_tag","embeddable":true,"href":"https:\/\/diarioregionaldigital.com.br\/index.php?rest_route=%2Fwp%2Fv2%2Ftags&post=197957"}],"curies":[{"name":"wp","href":"https:\/\/api.w.org\/{rel}","templated":true}]}}