{"id":197955,"date":"2022-04-24T06:00:53","date_gmt":"2022-04-24T09:00:53","guid":{"rendered":"https:\/\/diarioregionaldigital.com.br\/?p=197955"},"modified":"2022-04-22T23:52:19","modified_gmt":"2022-04-23T02:52:19","slug":"pesquisa-do-fundo-do-poco","status":"publish","type":"post","link":"https:\/\/diarioregionaldigital.com.br\/?p=197955","title":{"rendered":"Pesquisa do fundo do po\u00e7o"},"content":{"rendered":"<p>O tema de pesquisa ou valoriza\u00e7\u00e3o do desenvolvimento cient\u00edfico e tecnol\u00f3gico \u00e9 \u00a0familiar aos meus ouvidos h\u00e1 muito tempo. Mais especificamente, com intensidade maior, durante o per\u00edodo em que fui Secret\u00e1rio de Estado de Ci\u00eancia e Tecnologia do ent\u00e3o estado da Guanabara (1968-1971), com a honra de ter servido \u00e0 equipe do governador Negr\u00e3o de Lima.<\/p>\n<p>Tudo para mim era novidade. Estabeleci os par\u00e2metros da pol\u00edtica nacional de ci\u00eancia e tecnologia. Criei a Comiss\u00e3o do Ano 2.000 e constru\u00ed o primeiro grande planet\u00e1rio do Rio de Janeiro, aproveitando um terreno na G\u00e1vea e a \u00a0doa\u00e7\u00e3o do equipamento por parte do MEC. Aproveitando o embalo, sugeri ao Congresso a cria\u00e7\u00e3o do Minist\u00e9rio da Ci\u00eancia e Tecnologia, o que acabou acontecendo alguns anos mais tarde.<\/p>\n<p>Portanto, esse tema sempre me foi extremamente \u00a0familiar. Sou do tempo em que o pa\u00eds dava mesmo prioridade \u00e0 pesquisa. Os recursos nem sempre foram abundantes, mas existiam. Agora, acompanhando o notici\u00e1rio dos jornais, temos a lamentar a absurda escass\u00eas de dinheiro para os projetos de pesquisa, em nosso pa\u00eds. E o pior est\u00e1 acontecendo: com esse panorama, muitos dos nossos pesquisadores est\u00e3o deixando o pa\u00eds e procurando abrigo em outros pa\u00edses como os Estados Unidos, a Inglaterra, a Fran\u00e7a e a Alemanha. Estamos preparando c\u00e9rebros para a ci\u00eancia dos outros.<\/p>\n<p>\u00c9 claro que precisamos reverter essa situa\u00e7\u00e3o. Revigorar o Minist\u00e9rio da Ci\u00eancia e Tecnologia \u00e9 uma necessidade de primeira ordem. E dar-lhe condi\u00e7\u00f5es objetivas de funcionamento, com recursos apreci\u00e1veis. A hist\u00f3ria registra que temos cientistas de muito boa qualidade, que merecem esse tratamento priorit\u00e1rio, que lhes est\u00e1 sendo negado. A mudan\u00e7a de atitude n\u00e3o \u00e9 nenhum favor.<\/p>\n<p>O Brasil \u00e9 um pa\u00eds de muitos e grandiosos problemas, que exigem esses recursos \u00a0humanos. Para n\u00e3o ir muito longe, podemos citar a educa\u00e7\u00e3o ambiental como uma necessidade de primeira ordem e a equa\u00e7\u00e3o adequada da quest\u00e3o h\u00eddrica. Com pode uma na\u00e7\u00e3o de tantos rios esta \u00a0sofrendo esse tipo de problema? \u00c9 certo que a seca \u00e9 uma trag\u00e9dia, mas temos tratado esse problema de forma incompetente.<\/p>\n","protected":false},"excerpt":{"rendered":"<p>O tema de pesquisa ou valoriza\u00e7\u00e3o do desenvolvimento cient\u00edfico e tecnol\u00f3gico \u00e9 \u00a0familiar aos meus ouvidos h\u00e1 muito tempo. Mais especificamente, com intensidade maior, durante o per\u00edodo em que fui Secret\u00e1rio de Estado de Ci\u00eancia e Tecnologia do ent\u00e3o estado da Guanabara (1968-1971), com a honra de ter servido \u00e0 equipe do governador Negr\u00e3o de [&hellip;]<\/p>\n","protected":false},"author":96,"featured_media":0,"comment_status":"closed","ping_status":"closed","sticky":false,"template":"","format":"standard","meta":{"footnotes":""},"categories":[275],"tags":[],"class_list":["post-197955","post","type-post","status-publish","format-standard","hentry","category-arnaldo-niskier"],"_links":{"self":[{"href":"https:\/\/diarioregionaldigital.com.br\/index.php?rest_route=\/wp\/v2\/posts\/197955","targetHints":{"allow":["GET"]}}],"collection":[{"href":"https:\/\/diarioregionaldigital.com.br\/index.php?rest_route=\/wp\/v2\/posts"}],"about":[{"href":"https:\/\/diarioregionaldigital.com.br\/index.php?rest_route=\/wp\/v2\/types\/post"}],"author":[{"embeddable":true,"href":"https:\/\/diarioregionaldigital.com.br\/index.php?rest_route=\/wp\/v2\/users\/96"}],"replies":[{"embeddable":true,"href":"https:\/\/diarioregionaldigital.com.br\/index.php?rest_route=%2Fwp%2Fv2%2Fcomments&post=197955"}],"version-history":[{"count":1,"href":"https:\/\/diarioregionaldigital.com.br\/index.php?rest_route=\/wp\/v2\/posts\/197955\/revisions"}],"predecessor-version":[{"id":197956,"href":"https:\/\/diarioregionaldigital.com.br\/index.php?rest_route=\/wp\/v2\/posts\/197955\/revisions\/197956"}],"wp:attachment":[{"href":"https:\/\/diarioregionaldigital.com.br\/index.php?rest_route=%2Fwp%2Fv2%2Fmedia&parent=197955"}],"wp:term":[{"taxonomy":"category","embeddable":true,"href":"https:\/\/diarioregionaldigital.com.br\/index.php?rest_route=%2Fwp%2Fv2%2Fcategories&post=197955"},{"taxonomy":"post_tag","embeddable":true,"href":"https:\/\/diarioregionaldigital.com.br\/index.php?rest_route=%2Fwp%2Fv2%2Ftags&post=197955"}],"curies":[{"name":"wp","href":"https:\/\/api.w.org\/{rel}","templated":true}]}}