{"id":197944,"date":"2022-04-22T17:12:02","date_gmt":"2022-04-22T20:12:02","guid":{"rendered":"https:\/\/diarioregionaldigital.com.br\/?p=197944"},"modified":"2022-04-22T17:12:02","modified_gmt":"2022-04-22T20:12:02","slug":"aulao-de-carnaval-movimenta-o-projeto-comunitario-da-academia-da-guarda","status":"publish","type":"post","link":"https:\/\/diarioregionaldigital.com.br\/?p=197944","title":{"rendered":"Aul\u00e3o de carnaval movimenta o projeto comunit\u00e1rio da academia da Guarda"},"content":{"rendered":"<p>Segundo informa\u00e7\u00f5es do site da Prefeitura de Juiz de Fora, uma aula animada com m\u00fasicas de carnaval e com direito a adere\u00e7os t\u00edpicos aconteceu dentro do quartel da Guarda Municipal na tarde desta quarta-feira, 20. A atividade reuniu as alunas inscritas no projeto comunit\u00e1rio da academia da Guarda. Divididas em esta\u00e7\u00f5es, elas se exercitaram, se divertiram e nem viram o tempo passar. No final, uma mesa aguardava todas para repor as energias com um lanche leve e saud\u00e1vel. As frutas servidas foram doadas por comerciantes das feiras do S\u00e3o Mateus e Bandeirantes, atrav\u00e9s da articula\u00e7\u00e3o com a Secretaria de Agricultura, Pecu\u00e1ria e Abastecimento (Seapa).<\/p>\n<p>O aul\u00e3o de carnaval trouxe mais que oferta de atividade f\u00edsica para as alunas, cuja m\u00e9dia de idade \u00e9 de 45 anos. Turmas de dias diferentes se encontraram, interagindo e dando impulso para a din\u00e2mica. As fantasias tamb\u00e9m contribu\u00edram para a entrada no clima. \u00d3culos, la\u00e7os, marabus, saias de fil\u00f3 coloriram a academia e o dia de mulheres que antes passavam as tardes dentro de suas casas.<\/p>\n<p>A concretiza\u00e7\u00e3o da abertura da academia de gin\u00e1stica da Guarda Municipal \u00e0s moradoras da regi\u00e3o do bairro S\u00e3o Bernardo est\u00e1 sendo poss\u00edvel gra\u00e7as a uma parceria da Secretaria de Esporte e Lazer (SEL), que cedeu uma profissional para desenvolvimento das atividades com o n\u00facleo comunit\u00e1rio. \u201cN\u00f3s estamos podendo realizar um trabalho muito diversificado com as alunas, porque a estrutura e os equipamentos aqui s\u00e3o excelentes\u201d, afirmou a professora de educa\u00e7\u00e3o f\u00edsica, Carolina Bellei.<\/p>\n<p>O projeto coloca em pr\u00e1tica o prop\u00f3sito de abrir a Guarda Municipal, por meio das instala\u00e7\u00f5es da sua academia de gin\u00e1stica, para a popula\u00e7\u00e3o do seu entorno, na regi\u00e3o do S\u00e3o Bernardo. A iniciativa traz benef\u00edcios para a sa\u00fade f\u00edsica de quem frequenta as atividades e para a institui\u00e7\u00e3o, que fortalece suas rela\u00e7\u00f5es com a vizinhan\u00e7a, quebrando paradigmas e estabelecendo uma cultura de confian\u00e7a com os moradores da regi\u00e3o.<\/p>\n<p>As aulas acontecem habitualmente de segunda a sexta, com turmas de gin\u00e1stica aer\u00f3bica \u00e0s segundas e quartas e \u00e0s ter\u00e7as e quintas. A sexta \u00e9 dedicada \u00e0 pr\u00e1tica de pilates e alongamento.\u00a0 \u00a0\u00a0 \u00a0As turmas s\u00e3o exclusivamente femininas e contam com supervis\u00e3o profissional adequada para o p\u00fablico atendido.<\/p>\n","protected":false},"excerpt":{"rendered":"<p>Segundo informa\u00e7\u00f5es do site da Prefeitura de Juiz de Fora, uma aula animada com m\u00fasicas de carnaval e com direito a adere\u00e7os t\u00edpicos aconteceu dentro do quartel da Guarda Municipal na tarde desta quarta-feira, 20. A atividade reuniu as alunas inscritas no projeto comunit\u00e1rio da academia da Guarda. Divididas em esta\u00e7\u00f5es, elas se exercitaram, se [&hellip;]<\/p>\n","protected":false},"author":246,"featured_media":197945,"comment_status":"closed","ping_status":"closed","sticky":false,"template":"","format":"standard","meta":{"footnotes":""},"categories":[253,436,439],"tags":[],"class_list":["post-197944","post","type-post","status-publish","format-standard","has-post-thumbnail","hentry","category-cidade","category-destaque-da-semana","category-ultima-hora"],"_links":{"self":[{"href":"https:\/\/diarioregionaldigital.com.br\/index.php?rest_route=\/wp\/v2\/posts\/197944","targetHints":{"allow":["GET"]}}],"collection":[{"href":"https:\/\/diarioregionaldigital.com.br\/index.php?rest_route=\/wp\/v2\/posts"}],"about":[{"href":"https:\/\/diarioregionaldigital.com.br\/index.php?rest_route=\/wp\/v2\/types\/post"}],"author":[{"embeddable":true,"href":"https:\/\/diarioregionaldigital.com.br\/index.php?rest_route=\/wp\/v2\/users\/246"}],"replies":[{"embeddable":true,"href":"https:\/\/diarioregionaldigital.com.br\/index.php?rest_route=%2Fwp%2Fv2%2Fcomments&post=197944"}],"version-history":[{"count":1,"href":"https:\/\/diarioregionaldigital.com.br\/index.php?rest_route=\/wp\/v2\/posts\/197944\/revisions"}],"predecessor-version":[{"id":197946,"href":"https:\/\/diarioregionaldigital.com.br\/index.php?rest_route=\/wp\/v2\/posts\/197944\/revisions\/197946"}],"wp:featuredmedia":[{"embeddable":true,"href":"https:\/\/diarioregionaldigital.com.br\/index.php?rest_route=\/wp\/v2\/media\/197945"}],"wp:attachment":[{"href":"https:\/\/diarioregionaldigital.com.br\/index.php?rest_route=%2Fwp%2Fv2%2Fmedia&parent=197944"}],"wp:term":[{"taxonomy":"category","embeddable":true,"href":"https:\/\/diarioregionaldigital.com.br\/index.php?rest_route=%2Fwp%2Fv2%2Fcategories&post=197944"},{"taxonomy":"post_tag","embeddable":true,"href":"https:\/\/diarioregionaldigital.com.br\/index.php?rest_route=%2Fwp%2Fv2%2Ftags&post=197944"}],"curies":[{"name":"wp","href":"https:\/\/api.w.org\/{rel}","templated":true}]}}