{"id":197940,"date":"2022-04-22T17:09:54","date_gmt":"2022-04-22T20:09:54","guid":{"rendered":"https:\/\/diarioregionaldigital.com.br\/?p=197940"},"modified":"2022-04-22T17:09:54","modified_gmt":"2022-04-22T20:09:54","slug":"vigilancia-epidemiologica-inicia-segundo-liraa-nesta-segunda-feira-25","status":"publish","type":"post","link":"https:\/\/diarioregionaldigital.com.br\/?p=197940","title":{"rendered":"Vigil\u00e2ncia Epidemiol\u00f3gica inicia segundo Liraa nesta segunda-feira, 25"},"content":{"rendered":"<p>Segundo informa\u00e7\u00f5es do site da Prefeitura de Juiz de Fora, na pr\u00f3xima segunda-feira, 25, o Departamento de Vigil\u00e2ncia Epidemiol\u00f3gica e Ambiental (Dvea),\u00a0 da Secretaria de Sa\u00fade (SS), da Prefeitura de Juiz de Fora (PJF), inicia os trabalhos do segundo Levantamento de \u00cdndice R\u00e1pido de <em>Aedes aegypti<\/em>\u00a0(LIRAa) de 2022.<br \/>\nA a\u00e7\u00e3o, que segue at\u00e9 a sexta-feira, 29, abrange 946 quarteir\u00f5es, em todas as regi\u00f5es do munic\u00edpio. Segundo a Gerente do Departamento, Louise C\u00e2ndido Souza, \u201co LIRAa tem como objetivo identificar os locais com concentra\u00e7\u00e3o de focos e atualizar os dados sobre infesta\u00e7\u00e3o do mosquito\u00a0<em>Aedes aegypti<\/em>, informa\u00e7\u00f5es importantes para auxiliar o munic\u00edpio no controle das arboviroses, como Dengue, Chikungunya e Zika\u201d.<br \/>\nDurante o trabalho, os agentes coletam amostras dentro das casas, aplicam larvicidas em recipientes que acumulam \u00e1gua e n\u00e3o podem ser removidos e refor\u00e7am as orienta\u00e7\u00f5es de preven\u00e7\u00e3o junto aos moradores, refor\u00e7ando assim as a\u00e7\u00f5es de combate ao vetor.<br \/>\nTodos os Agentes de Combate \u00e0 Endemias estar\u00e3o uniformizados com blusa e\/ou colete da Prefeitura. \u00c9 importante que a popula\u00e7\u00e3o permita que os profissionais possam adentrar suas resid\u00eancias e realizar a vistoria dos im\u00f3veis.<\/p>\n","protected":false},"excerpt":{"rendered":"<p>Segundo informa\u00e7\u00f5es do site da Prefeitura de Juiz de Fora, na pr\u00f3xima segunda-feira, 25, o Departamento de Vigil\u00e2ncia Epidemiol\u00f3gica e Ambiental (Dvea),\u00a0 da Secretaria de Sa\u00fade (SS), da Prefeitura de Juiz de Fora (PJF), inicia os trabalhos do segundo Levantamento de \u00cdndice R\u00e1pido de Aedes aegypti\u00a0(LIRAa) de 2022. A a\u00e7\u00e3o, que segue at\u00e9 a sexta-feira, [&hellip;]<\/p>\n","protected":false},"author":246,"featured_media":197941,"comment_status":"closed","ping_status":"closed","sticky":false,"template":"","format":"standard","meta":{"footnotes":""},"categories":[253,436,439],"tags":[],"class_list":["post-197940","post","type-post","status-publish","format-standard","has-post-thumbnail","hentry","category-cidade","category-destaque-da-semana","category-ultima-hora"],"_links":{"self":[{"href":"https:\/\/diarioregionaldigital.com.br\/index.php?rest_route=\/wp\/v2\/posts\/197940","targetHints":{"allow":["GET"]}}],"collection":[{"href":"https:\/\/diarioregionaldigital.com.br\/index.php?rest_route=\/wp\/v2\/posts"}],"about":[{"href":"https:\/\/diarioregionaldigital.com.br\/index.php?rest_route=\/wp\/v2\/types\/post"}],"author":[{"embeddable":true,"href":"https:\/\/diarioregionaldigital.com.br\/index.php?rest_route=\/wp\/v2\/users\/246"}],"replies":[{"embeddable":true,"href":"https:\/\/diarioregionaldigital.com.br\/index.php?rest_route=%2Fwp%2Fv2%2Fcomments&post=197940"}],"version-history":[{"count":1,"href":"https:\/\/diarioregionaldigital.com.br\/index.php?rest_route=\/wp\/v2\/posts\/197940\/revisions"}],"predecessor-version":[{"id":197942,"href":"https:\/\/diarioregionaldigital.com.br\/index.php?rest_route=\/wp\/v2\/posts\/197940\/revisions\/197942"}],"wp:featuredmedia":[{"embeddable":true,"href":"https:\/\/diarioregionaldigital.com.br\/index.php?rest_route=\/wp\/v2\/media\/197941"}],"wp:attachment":[{"href":"https:\/\/diarioregionaldigital.com.br\/index.php?rest_route=%2Fwp%2Fv2%2Fmedia&parent=197940"}],"wp:term":[{"taxonomy":"category","embeddable":true,"href":"https:\/\/diarioregionaldigital.com.br\/index.php?rest_route=%2Fwp%2Fv2%2Fcategories&post=197940"},{"taxonomy":"post_tag","embeddable":true,"href":"https:\/\/diarioregionaldigital.com.br\/index.php?rest_route=%2Fwp%2Fv2%2Ftags&post=197940"}],"curies":[{"name":"wp","href":"https:\/\/api.w.org\/{rel}","templated":true}]}}