{"id":197937,"date":"2022-04-22T17:04:47","date_gmt":"2022-04-22T20:04:47","guid":{"rendered":"https:\/\/diarioregionaldigital.com.br\/?p=197937"},"modified":"2022-04-22T17:04:47","modified_gmt":"2022-04-22T20:04:47","slug":"prefeita-assina-ordem-de-servico-para-dar-inicio-as-obras-da-varzea-de-benfica","status":"publish","type":"post","link":"https:\/\/diarioregionaldigital.com.br\/?p=197937","title":{"rendered":"Prefeita assina ordem de servi\u00e7o para dar in\u00edcio \u00e0s obras da V\u00e1rzea de Benfica"},"content":{"rendered":"<p>Segundo informa\u00e7\u00f5es do site da Prefeitura de Juiz de Fora,\u00a0 a prefeita de Juiz de Fora Margarida Salom\u00e3o visitou o bairro Benfica nesta quarta-feira, 20, para assinar a ordem de servi\u00e7o que dar\u00e1 in\u00edcio \u00e0s obras de drenagem da V\u00e1rzea de Benfica. Com uma demanda hist\u00f3rica, a popula\u00e7\u00e3o do bairro vem solicitando que a prefeitura intervenha com obras que impe\u00e7am os alagamentos e reduzam os estragos das enchentes. A partir do m\u00eas de maio, ser\u00e3o alocados no trecho 1,5 quil\u00f4metros de tubula\u00e7\u00e3o de concreto, que ter\u00e3o como objetivo favorecer o escoamento das \u00e1guas pluviais, evitando alagamentos na regi\u00e3o, principalmente durante o per\u00edodo chuvoso.<\/p>\n<p>A prefeita ressalta a import\u00e2ncia das obras e garante que os resultados trar\u00e3o benef\u00edcios para todo o bairro. \u201cDesde quando eu era deputada que as pessoas de Benfica iam conversar comigo sobre as enchentes. Agora estamos aqui, assinando a ordem de servi\u00e7o que dar\u00e1 in\u00edcio \u00e0s obras da v\u00e1rzea, para acabar de vez com as enchentes e impedir que a \u00e1gua entre na casa das pessoas. Estou cumprindo com a minha palavra e vamos em breve acabar com as enchentes que por anos atrapalham a vida de voc\u00eas&#8221;, destacou.<\/p>\n<p>Os servi\u00e7os ser\u00e3o executados pela empresa HF Engenharia e Constru\u00e7\u00f5es Ltda., com supervis\u00e3o da Secretaria de Obras da PJF. Com previs\u00e3o de t\u00e9rmino para 2023, a obra representa um investimento de R$ 2.667.380,99, com interven\u00e7\u00f5es estruturais e n\u00e3o estruturais com o objetivo de reduzir enchentes e alagamentos e melhorar as condi\u00e7\u00f5es sanit\u00e1rias, patrimonial e ambiental das ruas Padre Gabriel Van Wik e trechos das ruas Paulo Garcia, Mar\u00edlia, Afonso Garcia, Ant\u00f4nio Sim\u00e3o Firjan e Avenida Juscelino Kubitscheck.<\/p>\n<p>Tamb\u00e9m estiveram no encontro o secret\u00e1rio de obras, Lincoln Lima; a secret\u00e1ria de Sustentabilidade em Meio Ambiente e Atividades Urbanas, Aline Junqueira; o procurador geral do munic\u00edpio, Marcus Motta; o secret\u00e1rio Planejamento do Territ\u00f3rio e Participa\u00e7\u00e3o Popular, Martvs Chagas; a subsecret\u00e1ria de governo, J\u00falia Daibert, que coordena o Gabinete de A\u00e7\u00e3o e Di\u00e1logo Comunit\u00e1rio; e os vereadores Cido e Laiz Perrut.<\/p>\n","protected":false},"excerpt":{"rendered":"<p>Segundo informa\u00e7\u00f5es do site da Prefeitura de Juiz de Fora,\u00a0 a prefeita de Juiz de Fora Margarida Salom\u00e3o visitou o bairro Benfica nesta quarta-feira, 20, para assinar a ordem de servi\u00e7o que dar\u00e1 in\u00edcio \u00e0s obras de drenagem da V\u00e1rzea de Benfica. Com uma demanda hist\u00f3rica, a popula\u00e7\u00e3o do bairro vem solicitando que a prefeitura [&hellip;]<\/p>\n","protected":false},"author":246,"featured_media":197938,"comment_status":"closed","ping_status":"closed","sticky":false,"template":"","format":"standard","meta":{"footnotes":""},"categories":[253,436,440,439],"tags":[],"class_list":["post-197937","post","type-post","status-publish","format-standard","has-post-thumbnail","hentry","category-cidade","category-destaque-da-semana","category-destaques-do-dia","category-ultima-hora"],"_links":{"self":[{"href":"https:\/\/diarioregionaldigital.com.br\/index.php?rest_route=\/wp\/v2\/posts\/197937","targetHints":{"allow":["GET"]}}],"collection":[{"href":"https:\/\/diarioregionaldigital.com.br\/index.php?rest_route=\/wp\/v2\/posts"}],"about":[{"href":"https:\/\/diarioregionaldigital.com.br\/index.php?rest_route=\/wp\/v2\/types\/post"}],"author":[{"embeddable":true,"href":"https:\/\/diarioregionaldigital.com.br\/index.php?rest_route=\/wp\/v2\/users\/246"}],"replies":[{"embeddable":true,"href":"https:\/\/diarioregionaldigital.com.br\/index.php?rest_route=%2Fwp%2Fv2%2Fcomments&post=197937"}],"version-history":[{"count":1,"href":"https:\/\/diarioregionaldigital.com.br\/index.php?rest_route=\/wp\/v2\/posts\/197937\/revisions"}],"predecessor-version":[{"id":197939,"href":"https:\/\/diarioregionaldigital.com.br\/index.php?rest_route=\/wp\/v2\/posts\/197937\/revisions\/197939"}],"wp:featuredmedia":[{"embeddable":true,"href":"https:\/\/diarioregionaldigital.com.br\/index.php?rest_route=\/wp\/v2\/media\/197938"}],"wp:attachment":[{"href":"https:\/\/diarioregionaldigital.com.br\/index.php?rest_route=%2Fwp%2Fv2%2Fmedia&parent=197937"}],"wp:term":[{"taxonomy":"category","embeddable":true,"href":"https:\/\/diarioregionaldigital.com.br\/index.php?rest_route=%2Fwp%2Fv2%2Fcategories&post=197937"},{"taxonomy":"post_tag","embeddable":true,"href":"https:\/\/diarioregionaldigital.com.br\/index.php?rest_route=%2Fwp%2Fv2%2Ftags&post=197937"}],"curies":[{"name":"wp","href":"https:\/\/api.w.org\/{rel}","templated":true}]}}