{"id":197921,"date":"2022-04-22T16:16:57","date_gmt":"2022-04-22T19:16:57","guid":{"rendered":"https:\/\/diarioregionaldigital.com.br\/?p=197921"},"modified":"2022-04-22T16:16:57","modified_gmt":"2022-04-22T19:16:57","slug":"ampliacao-e-modernizacao-do-bloco-cirurgico-do-hospital-julia-kubitschek-entram-na-reta-final","status":"publish","type":"post","link":"https:\/\/diarioregionaldigital.com.br\/?p=197921","title":{"rendered":"Amplia\u00e7\u00e3o e moderniza\u00e7\u00e3o do Bloco Cir\u00fargico do Hospital J\u00falia Kubitschek entram na reta final"},"content":{"rendered":"<p>Com previs\u00e3o de entrega para junho deste ano, o bloco cir\u00fargico do Hospital J\u00falia Kubitschek j\u00e1 est\u00e1 com cerca de 75% das obras conclu\u00eddas. O bloco passar\u00e1 a contar com\u00a0sete salas &#8211;\u00a0tr\u00eas a mais do que tem hoje &#8211;\u00a0para atender \u00e0s demandas de procedimentos eletivos que se acumularam no per\u00edodo pand\u00eamico. A capacidade de cirurgias ser\u00e1 ampliada em cerca de 40%, impactando positivamente no acesso da popula\u00e7\u00e3o referenciada ao hospital. Antes da pandemia, em 2019, foram realizados 3.885 procedimentos em diversas especialidades e n\u00edveis de complexidade.<\/p>\n<p>\u201cOs investimentos trazem mais tecnologia e precis\u00e3o aos procedimentos, mais conforto e seguran\u00e7a para os usu\u00e1rios, aumento da oferta de cirurgias e outras melhorias para os profissionais e pacientes, com uma melhor distribui\u00e7\u00e3o do espa\u00e7o e novas salas\u201d, explica o diretor do Complexo de Especialidades, Samar Musse Dib.<\/p>\n<p><strong>Moderniza\u00e7\u00e3o da estrutura<\/strong><\/p>\n<p>As obras no HJK come\u00e7aram durante a pandemia, em 2020, quando a unidade atuou como refer\u00eancia no atendimento aos casos suspeitos e confirmados de covid-19. A primeira etapa contemplou a amplia\u00e7\u00e3o do Centro de Terapia Intensiva (CTI), que chegou a disponibilizar 40 leitos, e a moderniza\u00e7\u00e3o de toda a rede el\u00e9trica da unidade, garantindo maior seguran\u00e7a aos pacientes no caso de interrup\u00e7\u00e3o da energia. Tamb\u00e9m foi instalado um novo sistema de climatiza\u00e7\u00e3o central, para oferecer maior conforto aos usu\u00e1rios do CTI e do novo bloco cir\u00fargico. O investimento foi de R$ 7,5 milh\u00f5es.<\/p>\n<p>A segunda etapa, das obras do Bloco Cir\u00fargico do hospital, come\u00e7ou em junho de 2021, com a adequa\u00e7\u00e3o dos espa\u00e7os internos. Com a amplia\u00e7\u00e3o e os novos equipamentos, ser\u00e1 poss\u00edvel realizar cirurgias de grande porte e procedimentos diversos com mais qualidade. Para essa etapa, foram investidos R$ 3,3 milh\u00f5es.<\/p>\n<p>Tamb\u00e9m nesse per\u00edodo, foram adquiridos equipamentos e mobili\u00e1rios que totalizaram mais de R$ 4,6 milh\u00f5es, visando atualizar o parque tecnol\u00f3gico, potencializar e qualificar a assist\u00eancia do centro cir\u00fargico. Dentre as aquisi\u00e7\u00f5es est\u00e3o os equipamentos para videocirurgias, instrumentos (como pin\u00e7as hemost\u00e1ticas) e aparelhos para diagn\u00f3stico do trato respirat\u00f3rio. Somente no novo sistema de videolaparoscopia foram investidos cerca de R$ 900 mil e outros R$ 400 mil no conjunto para cirurgias tor\u00e1cicas videoassistidas, utilizado em procedimentos menos invasivos. Entre os outros itens, monitores multipar\u00e2metros modernos, mesas cir\u00fargicas, carrinhos hospitalares e lavadoras termodesinfectadoras.<\/p>\n<p>O coordenador da Cirurgia Geral do hospital, Tarc\u00edsio Versiani, afirma que \u00e9 grande a expectativa com a reabertura do bloco cir\u00fargico por v\u00e1rios motivos.<\/p>\n<p>\u201cO n\u00famero de salas ser\u00e1 ampliado e o parque tecnol\u00f3gico ser\u00e1 modernizado, oferecendo mais seguran\u00e7a, presteza e agilidade nos procedimentos cir\u00fargicos que realizamos. Nossa produtividade vai aumentar, o que ajudar\u00e1 muito a sa\u00fade p\u00fablica, principalmente quando, no contexto da pandemia, houve um represamento das cirurgias eletivas. A moderniza\u00e7\u00e3o ser\u00e1 valiosa para a assist\u00eancia m\u00e9dica. Estamos nos preparando, toda a equipe, para usar esse parque tecnol\u00f3gico em prol do paciente e dos nossos servi\u00e7os\u201d, compartilha.<\/p>\n<p><strong>Processo seletivo<\/strong><\/p>\n<p>Para compor as equipes assistenciais que ir\u00e3o atuar no bloco cir\u00fargico do HJK, a Fhemig est\u00e1 com processo seletivo simplificado em aberto, com inscri\u00e7\u00f5es at\u00e9 o dia 28\/4. S\u00e3o oferecidas 25 vagas para m\u00e9dicos anestesiologistas, al\u00e9m de outras fun\u00e7\u00f5es. O edital est\u00e1 dispon\u00edvel no site:\u00a0<a href=\"https:\/\/bit.ly\/3uV7VnZ\" target=\"_blank\" rel=\"noopener\">https:\/\/bit.ly\/3uV7VnZ<\/a>.<\/p>\n<p><strong>Complexo de Especialidades<\/strong><\/p>\n<p>O Hospital J\u00falia Kubitschek integra o Complexo de Especialidades, com o Hospital Alberto Cavalcanti (refer\u00eancia em Oncologia). O HJK \u00e9 uma das principais refer\u00eancias do SUS estadual no atendimento aos casos respirat\u00f3rios graves e doen\u00e7as complexas, como fibrose c\u00edstica, al\u00e9m de doen\u00e7as neuromusculares. A maternidade do hospital tamb\u00e9m \u00e9 refer\u00eancia para gesta\u00e7\u00f5es de alto risco, oferecendo, ainda, atendimento ambulatorial para sa\u00fade da mulher.<\/p>\n<p>Fonte: Ag\u00eancia Minas<\/p>\n","protected":false},"excerpt":{"rendered":"<p>Com previs\u00e3o de entrega para junho deste ano, o bloco cir\u00fargico do Hospital J\u00falia Kubitschek j\u00e1 est\u00e1 com cerca de 75% das obras conclu\u00eddas. O bloco passar\u00e1 a contar com\u00a0sete salas &#8211;\u00a0tr\u00eas a mais do que tem hoje &#8211;\u00a0para atender \u00e0s demandas de procedimentos eletivos que se acumularam no per\u00edodo pand\u00eamico. A capacidade de cirurgias [&hellip;]<\/p>\n","protected":false},"author":246,"featured_media":197922,"comment_status":"closed","ping_status":"closed","sticky":false,"template":"","format":"standard","meta":{"footnotes":""},"categories":[436,254,439],"tags":[],"class_list":["post-197921","post","type-post","status-publish","format-standard","has-post-thumbnail","hentry","category-destaque-da-semana","category-politica","category-ultima-hora"],"_links":{"self":[{"href":"https:\/\/diarioregionaldigital.com.br\/index.php?rest_route=\/wp\/v2\/posts\/197921","targetHints":{"allow":["GET"]}}],"collection":[{"href":"https:\/\/diarioregionaldigital.com.br\/index.php?rest_route=\/wp\/v2\/posts"}],"about":[{"href":"https:\/\/diarioregionaldigital.com.br\/index.php?rest_route=\/wp\/v2\/types\/post"}],"author":[{"embeddable":true,"href":"https:\/\/diarioregionaldigital.com.br\/index.php?rest_route=\/wp\/v2\/users\/246"}],"replies":[{"embeddable":true,"href":"https:\/\/diarioregionaldigital.com.br\/index.php?rest_route=%2Fwp%2Fv2%2Fcomments&post=197921"}],"version-history":[{"count":1,"href":"https:\/\/diarioregionaldigital.com.br\/index.php?rest_route=\/wp\/v2\/posts\/197921\/revisions"}],"predecessor-version":[{"id":197923,"href":"https:\/\/diarioregionaldigital.com.br\/index.php?rest_route=\/wp\/v2\/posts\/197921\/revisions\/197923"}],"wp:featuredmedia":[{"embeddable":true,"href":"https:\/\/diarioregionaldigital.com.br\/index.php?rest_route=\/wp\/v2\/media\/197922"}],"wp:attachment":[{"href":"https:\/\/diarioregionaldigital.com.br\/index.php?rest_route=%2Fwp%2Fv2%2Fmedia&parent=197921"}],"wp:term":[{"taxonomy":"category","embeddable":true,"href":"https:\/\/diarioregionaldigital.com.br\/index.php?rest_route=%2Fwp%2Fv2%2Fcategories&post=197921"},{"taxonomy":"post_tag","embeddable":true,"href":"https:\/\/diarioregionaldigital.com.br\/index.php?rest_route=%2Fwp%2Fv2%2Ftags&post=197921"}],"curies":[{"name":"wp","href":"https:\/\/api.w.org\/{rel}","templated":true}]}}