{"id":197917,"date":"2022-04-22T16:13:59","date_gmt":"2022-04-22T19:13:59","guid":{"rendered":"https:\/\/diarioregionaldigital.com.br\/?p=197917"},"modified":"2022-04-22T16:13:59","modified_gmt":"2022-04-22T19:13:59","slug":"epamig-promove-piscicultura-mineira-na-regiao-da-zona-da-mata","status":"publish","type":"post","link":"https:\/\/diarioregionaldigital.com.br\/?p=197917","title":{"rendered":"Epamig promove piscicultura mineira na regi\u00e3o da Zona da Mata"},"content":{"rendered":"<p>A\u00a0<a href=\"http:\/\/www.epamig.br\/\" target=\"_blank\" rel=\"noopener noreferrer\" data-auth=\"NotApplicable\" data-linkindex=\"0\">Empresa de Pesquisa Agropecu\u00e1ria de Minas Gerais (Epamig)<\/a>\u00a0deu in\u00edcio \u00e0 comercializa\u00e7\u00e3o de carpas coloridas no Campo Experimental de Leopoldina, na Zona da Mata. A empresa separou um lote com 1,5 mil alevinos (carpinhas) de 5 a 8 cent\u00edmetros de comprimento, que ser\u00e3o vendidos no valor de R$0,80 a R$1 a unidade. Os interessados devem comparecer em Leopoldina ou entrar em contato por meio dos canais de atendimento da Epamig.<\/p>\n<p>A comercializa\u00e7\u00e3o de carpas coloridas \u00e9 um dos resultados das a\u00e7\u00f5es do Centro de Refer\u00eancia em Piscicultura Ornamental de \u00c1gua Doce da Epamig, criado para colaborar com produtores da regi\u00e3o.<\/p>\n<p>De acordo com o pesquisador da empresa, Alexmiliano Vogel, o trabalho com carpas \u00e9 um dos pilares do Centro de Refer\u00eancia da Epamig. \u201cNossos lotes de matrizes e reprodutores de carpas ainda s\u00e3o pequenos. Por\u00e9m, h\u00e1 a previs\u00e3o de novas aquisi\u00e7\u00f5es para refor\u00e7ar e complementar nosso plantel. Buscamos matrizes e reprodutores de cores fortes, formas e detalhes bem definidos, tudo para fornecer ao produtor peixes de qualidade\u201d, destaca.<\/p>\n<p>Quando questionado sobre os requisitos b\u00e1sicos para obter sucesso na cria\u00e7\u00e3o de carpas para uso ornamental, o pesquisador \u00e9 enf\u00e1tico em ressaltar as caracter\u00edsticas da \u00e1gua.<\/p>\n<p>\u201cSempre que falamos de peixe, temos de nos preocupar com os par\u00e2metros de qualidade da \u00e1gua. Para as carpas, o ideal \u00e9 um pH entre 7.2 e 8.5, teores de\u00a0 am\u00f4nia abaixo de 0.5 mg por litro, temperatura entre 18\u00baC e 26\u00b0C, e oxig\u00eanio em torno de 5 mg por litro\u201d, conclui o pesquisador.<\/p>\n<p>Compradores de carpas e piscicultores em geral podem entrar em contato com a Epamig de Leopoldina pelo telefone (32) 3441-2330 ou pelo e-mail\u00a0<a href=\"mailto:celp@epamig.br\" target=\"_blank\" rel=\"noopener noreferrer\" data-auth=\"NotApplicable\" data-linkindex=\"1\">celp@epamig.br<\/a>.<\/p>\n<p><b>Piscicultura ornamental<\/b><\/p>\n<p>O Centro de Refer\u00eancia em Piscicultura Ornamental de \u00c1gua Doce da Epamig foi inaugurado em 2017 e est\u00e1 localizado no Campo Experimental da empresa no munic\u00edpio de Leopoldina. O centro surgiu com a fun\u00e7\u00e3o de atender a demandas de criadores e piscicultores por tecnologias para o incremento da atividade no estado.<\/p>\n<p>Resultado de\u00a0 parceria entre a Epamig, a Universidade Federal de Ouro Preto (Ufop) e o Minist\u00e9rio da Agricultura, Pecu\u00e1ria e Abastecimento (Mapa), al\u00e9m do extinto Minist\u00e9rio de Aquicultura e Pesca (MAP), o centro gera informa\u00e7\u00f5es qualificadas para a melhoria do desempenho t\u00e9cnico, ambiental e econ\u00f4mico da piscicultura ornamental mineira.<\/p>\n<p>A atua\u00e7\u00e3o dos pesquisadores da Epamig \u00e9 integrada com associa\u00e7\u00f5es, cooperativas, extens\u00e3o rural e demais entidades representativas, tudo para promover capacita\u00e7\u00e3o e o desenvolvimento de t\u00e9cnicas para a cria\u00e7\u00e3o de esp\u00e9cies ornamentais.<\/p>\n<p>A Epamig \u00e9 uma empresa vinculada \u00e0\u00a0<a href=\"http:\/\/www.agricultura.mg.gov.br\/\" target=\"_blank\" rel=\"noopener noreferrer\" data-auth=\"NotApplicable\" data-linkindex=\"2\">Secretaria de Agricultura, Pecu\u00e1ria e Abastecimento de Minas Gerais (Seapa)<\/a>.<\/p>\n<p>Fonte: Ag\u00eancia Minas<\/p>\n","protected":false},"excerpt":{"rendered":"<p>A\u00a0Empresa de Pesquisa Agropecu\u00e1ria de Minas Gerais (Epamig)\u00a0deu in\u00edcio \u00e0 comercializa\u00e7\u00e3o de carpas coloridas no Campo Experimental de Leopoldina, na Zona da Mata. A empresa separou um lote com 1,5 mil alevinos (carpinhas) de 5 a 8 cent\u00edmetros de comprimento, que ser\u00e3o vendidos no valor de R$0,80 a R$1 a unidade. Os interessados devem comparecer [&hellip;]<\/p>\n","protected":false},"author":246,"featured_media":197918,"comment_status":"closed","ping_status":"closed","sticky":false,"template":"","format":"standard","meta":{"footnotes":""},"categories":[436,254,439],"tags":[],"class_list":["post-197917","post","type-post","status-publish","format-standard","has-post-thumbnail","hentry","category-destaque-da-semana","category-politica","category-ultima-hora"],"_links":{"self":[{"href":"https:\/\/diarioregionaldigital.com.br\/index.php?rest_route=\/wp\/v2\/posts\/197917","targetHints":{"allow":["GET"]}}],"collection":[{"href":"https:\/\/diarioregionaldigital.com.br\/index.php?rest_route=\/wp\/v2\/posts"}],"about":[{"href":"https:\/\/diarioregionaldigital.com.br\/index.php?rest_route=\/wp\/v2\/types\/post"}],"author":[{"embeddable":true,"href":"https:\/\/diarioregionaldigital.com.br\/index.php?rest_route=\/wp\/v2\/users\/246"}],"replies":[{"embeddable":true,"href":"https:\/\/diarioregionaldigital.com.br\/index.php?rest_route=%2Fwp%2Fv2%2Fcomments&post=197917"}],"version-history":[{"count":2,"href":"https:\/\/diarioregionaldigital.com.br\/index.php?rest_route=\/wp\/v2\/posts\/197917\/revisions"}],"predecessor-version":[{"id":197920,"href":"https:\/\/diarioregionaldigital.com.br\/index.php?rest_route=\/wp\/v2\/posts\/197917\/revisions\/197920"}],"wp:featuredmedia":[{"embeddable":true,"href":"https:\/\/diarioregionaldigital.com.br\/index.php?rest_route=\/wp\/v2\/media\/197918"}],"wp:attachment":[{"href":"https:\/\/diarioregionaldigital.com.br\/index.php?rest_route=%2Fwp%2Fv2%2Fmedia&parent=197917"}],"wp:term":[{"taxonomy":"category","embeddable":true,"href":"https:\/\/diarioregionaldigital.com.br\/index.php?rest_route=%2Fwp%2Fv2%2Fcategories&post=197917"},{"taxonomy":"post_tag","embeddable":true,"href":"https:\/\/diarioregionaldigital.com.br\/index.php?rest_route=%2Fwp%2Fv2%2Ftags&post=197917"}],"curies":[{"name":"wp","href":"https:\/\/api.w.org\/{rel}","templated":true}]}}