{"id":197914,"date":"2022-04-22T16:10:37","date_gmt":"2022-04-22T19:10:37","guid":{"rendered":"https:\/\/diarioregionaldigital.com.br\/?p=197914"},"modified":"2022-04-22T16:10:37","modified_gmt":"2022-04-22T19:10:37","slug":"profissionais-que-atuaram-na-linha-de-frente-no-combate-a-pandemia-sao-destaque-na-cerimonia-de-21-de-abril","status":"publish","type":"post","link":"https:\/\/diarioregionaldigital.com.br\/?p=197914","title":{"rendered":"Profissionais que atuaram na linha de frente no combate \u00e0 pandemia s\u00e3o destaque na cerim\u00f4nia de 21 de abril"},"content":{"rendered":"<p>Trabalhadores da \u00e1rea da Sa\u00fade, pesquisadores, profissionais que atuaram na linha de frente no combate \u00e0 pandemia da covid-19 e representantes das For\u00e7as de Seguran\u00e7a de Minas Gerais foram os principais\u00a0<a href=\"https:\/\/www.agenciaminas.mg.gov.br\/noticia\/governo-de-minas-celebra-dia-da-inconfidencia-mineira-em-ouro-preto\" target=\"_blank\" rel=\"noopener\">homenageados na cerim\u00f4nia do Dia da Inconfid\u00eancia Mineira<\/a>, realizada em Ouro Preto, na regi\u00e3o Central de Minas, nesta quinta-feira (21\/4).<\/p>\n<p>Uma das principais homenageadas com a Grande Medalha foi a t\u00e9cnica de enfermagem do Hospital Eduardo de Menezes, Maria do Bom Sucesso Pereira, mais conhecida como Cec\u00e9. A servidora da Sa\u00fade, que foi aplaudida pelos convidados e homenageados durante o evento, trabalhou desde o in\u00edcio na linha de frente no combate \u00e0 pandemia. Ela foi a primeira a ser imunizada em Minas Gerais contra a covid-19, em 18 de janeiro de 2021, abrindo a que \u00e9 considerada a maior opera\u00e7\u00e3o de vacina\u00e7\u00e3o da hist\u00f3ria do Estado.<\/p>\n<p>Cec\u00e9 se emocionou e dedicou a homenagem aos profissionais que enfrentaram a pandemia e salvaram vidas. Ela tamb\u00e9m ressaltou a import\u00e2ncia da vacina\u00e7\u00e3o. \u201cO m\u00e9rito n\u00e3o \u00e9 meu, o m\u00e9rito \u00e9 de todos que se vacinaram. O m\u00e9rito \u00e9 da ci\u00eancia. Aconselho a quem n\u00e3o se vacinou, que se vacine! Sou a primeira do estado a ter sido vacinada e at\u00e9 hoje n\u00e3o contra\u00ed o v\u00edrus. Ent\u00e3o, podem confiar na efic\u00e1cia da vacina. Passamos por um per\u00edodo dif\u00edcil, onde perdemos muitas vidas. Hoje, vivemos um momento de al\u00edvio e seguran\u00e7a gra\u00e7as \u00e0 vacina\u00e7\u00e3o\u201d, disse.<\/p>\n<p>Al\u00e9m das personalidades que atuaram na linha de frente, tamb\u00e9m foram homenageados os profissionais que trabalharam na produ\u00e7\u00e3o cient\u00edfica no desenvolvimento da vacina nacional, como o pesquisador Ricardo Gazzinelli, coordenador do Instituto Nacional (INCT) e do Centro Nacional de Vacinas da UFMG. Gazzinelli representou os cientistas mineiros, que auxiliaram no desenvolvimento de tecnologia nacional para a fabrica\u00e7\u00e3o da vacina contra\u00a0covid e de outros imunizantes que fazem parte do Programa Nacional de Imuniza\u00e7\u00e3o (PNI).<\/p>\n<p>\u201cPara n\u00f3s \u00e9 um reconhecimento pelo trabalho que estamos fazendo l\u00e1 na UFMG e que neste governo tivemos muito apoio pra trabalhar em problemas da pandemia. Este apoio foi muito importante para avan\u00e7ar no controle da doen\u00e7a. Dentre os avan\u00e7os posso destacar o desenvolvimento de kits diagn\u00f3stico de covid-19. Estamos trabalhando intensamente na vacina que est\u00e1 em fase final de aprova\u00e7\u00e3o na Anvisa e, ainda com o apoio do governo de Minas, criamos o Centro Nacional de Vacinas, que ser\u00e1 sediado aqui no estado, permitindo pesquisas e avan\u00e7os mais r\u00e1pidos no desenvolvimento de novas vacinas contra doen\u00e7as\u201d, ressaltou Ricardo Gazzinelli.<\/p>\n<p>Em 2022, 84 personalidades foram contempladas. O presidente do Senado, Rodrigo Pacheco, foi\u00a0 homenageado com o Grande Colar. Al\u00e9m disso, o ato simb\u00f3lico homenageou 17 pessoas com a Grande Medalha, 36 com a Medalha de Honra e 30 a da Inconfid\u00eancia. Excepcionalmente neste ano, em fun\u00e7\u00e3o da pandemia, n\u00e3o houve tempo suficiente para produ\u00e7\u00e3o das medalhas. No entanto, as honrarias ser\u00e3o entregues posteriormente em cerim\u00f4nia a ser realizada na Assembleia Legislativa de Minas Gerais (ALMG), sem data definida.<\/p>\n<p><strong>Homenageados de 2020<\/strong><\/p>\n<p>Neste ano, a honraria tamb\u00e9m contemplou os agraciados em 2020, ano em que o evento n\u00e3o foi realizado devido \u00e0 pandemia. Dentre os nomes celebrados est\u00e3o o do o m\u00e9dico infectologista Una\u00ed Tupinamb\u00e1s, que tamb\u00e9m atuou na linha de frente contra a pandemia e prestou, por diversas vezes, servi\u00e7os de esclarecimentos sobre o v\u00edrus para a popula\u00e7\u00e3o.<\/p>\n<p>\u201cAcho que este pr\u00eamio \u00e9 um reconhecimento do nosso trabalho. E neste momento represento todos os professores e pesquisadores da UFMG, assim como todos os trabalhadores da \u00e1rea da sa\u00fade. \u00c9 com muita alegria e satisfa\u00e7\u00e3o que a gente recebe esta homenagem por toda a luta que tivemos no combate a pandemia de covid-19. A ci\u00eancia nos trouxe at\u00e9 aqui, com seguran\u00e7a, com m\u00e1scara, com as tr\u00eas doses da\u00a0 vacina, e permitiu que a gente pudesse voltar a nos reunir em eventos e celebrar estes momentos como o de hoje\u201d, disse Una\u00ed.<\/p>\n<p><strong>Brumadinho<\/strong><\/p>\n<p>O trabalho realizado pela\u00a0<a href=\"http:\/\/www.policiacivil.mg.gov.br\/\" target=\"_blank\" rel=\"noopener\">Pol\u00edcia Civil de Minas Gerais<\/a>\u00a0na identifica\u00e7\u00e3o das v\u00edtimas da trag\u00e9dia de Brumadinho tamb\u00e9m foi lembrado com o agraciamento do m\u00e9dico legista Thales Bittencourt de Barcelos, superintendente de pol\u00edcia t\u00e9cnico-cient\u00edfica, que chefiou o trabalho de reconhecimento, que at\u00e9 o momento conseguiu identificar 263 pessoas que morreram em decorr\u00eancia do rompimento da barragem. A trag\u00e9dia deixou um rastro de destrui\u00e7\u00e3o e 272 vidas foram perdidas.<\/p>\n<p>\u201cReceber esta medalha \u00e9 o reconhecimento do trabalho da Pol\u00edcia Civil, especificamente da medicina legal e da per\u00edcia criminal, em tudo que estamos fazendo em prol da sociedade. \u00c9 uma medalha que representa o esfor\u00e7o de muitos servidores. A pol\u00edcia civil tem tido uma aten\u00e7\u00e3o muito importante com as fam\u00edlias de Brumadinho, buscando a identifica\u00e7\u00e3o dos corpos , devolvendo a hist\u00f3ria das suas fam\u00edlias e estamos muito satisfeitos com o resultado alcan\u00e7ado\u201d, afirmou Thales Bittencourt.<\/p>\n<p><strong>Cerim\u00f4nia do Dia da Inconfid\u00eancia Mineira<\/strong><\/p>\n<p>A Medalha da Inconfid\u00eancia foi criada em 1952 pelo governador Juscelino Kubitscheck e possui quatro designa\u00e7\u00f5es: Grande Colar, Grande Medalha, Medalha de Honra e Medalha da Inconfid\u00eancia. Elas s\u00e3o entregues \u00e0 personalidades e institui\u00e7\u00f5es que contribu\u00edram para o desenvolvimento de Minas Gerais. Al\u00e9m disso, tradicionalmente, no dia 21 de abril, a capital do estado \u00e9 transferida simbolicamente para Ouro Preto.<\/p>\n<p>Em seu\u00a0<a href=\"https:\/\/www.agenciaminas.mg.gov.br\/ckeditor_assets\/attachments\/13873\/21-4-2022_-_discurso_medalha_da_inconfidencia.pdf\" target=\"_blank\" rel=\"noopener\">discurso<\/a>, o governador real\u00e7ou o simbolismo da data para o povo mineiro. \u201cO dia 21 de Abril \u00e9 um marco sobre a conquista da Liberdade, n\u00e3o s\u00f3 de Minas, mas do Brasil. Ele existe para lembrarmos que aqui, na antiga Vila Rica, Tiradentes foi condenado \u00e0 morte por reivindicar um direito que hoje \u00e9 uma garantia b\u00e1sica. Se n\u00e3o fossem por homens como ele, hoje n\u00e3o ter\u00edamos a liberdade como direito b\u00e1sico. Liberdade \u00e9 o sentimento que Minas carrega na Bandeira e nos mineiros\u201d, disse o chefe do executivo.<\/p>\n<p>O prefeito de Ouro Preto, Angelo Oswaldo, tamb\u00e9m ressaltou a import\u00e2ncia da honraria. &#8220;Em especial, neste bicenten\u00e1rio da independ\u00eancia do Brasil, alcan\u00e7ada 30 anos depois da morte do Alferes e do degredo dos demais protagonistas, a figura clara e altiva do her\u00f3i e o sofrimento dos exilados fazem-se sentir de forma ainda mais intensa. \u00c9 com este sentimento, que vibra nas pedras de Ouro Preto e faz bater forte o cora\u00e7\u00e3o, que reafirmamos a cren\u00e7a na liberdade, na justi\u00e7a e na democracia&#8221;.<\/p>\n<p><strong>Hist\u00f3ria<\/strong><\/p>\n<p>O feriado do dia 21 de abril tamb\u00e9m \u00e9 conhecido como Dia de Tiradentes \u2013 em alus\u00e3o a Joaquim Jos\u00e9 da Silva Xavier, m\u00e1rtir da Inconfid\u00eancia Mineira, movimento de independ\u00eancia que teve como epicentro a cidade de Ouro Preto, no s\u00e9culo XVIII. A data resgata os valores hist\u00f3ricos de Minas Gerais, como a luta por um processo mais democr\u00e1tico e de liberdade. A execu\u00e7\u00e3o de Tiradentes se deu no dia 21 de abril de 1792, no Rio de Janeiro.<\/p>\n<p><span style=\"font-weight: 400;\"><br \/>\n<\/span><span style=\"font-weight: 400;\">Fonte: Ag\u00eancia Minas <\/span><\/p>\n","protected":false},"excerpt":{"rendered":"<p>Trabalhadores da \u00e1rea da Sa\u00fade, pesquisadores, profissionais que atuaram na linha de frente no combate \u00e0 pandemia da covid-19 e representantes das For\u00e7as de Seguran\u00e7a de Minas Gerais foram os principais\u00a0homenageados na cerim\u00f4nia do Dia da Inconfid\u00eancia Mineira, realizada em Ouro Preto, na regi\u00e3o Central de Minas, nesta quinta-feira (21\/4). Uma das principais homenageadas com [&hellip;]<\/p>\n","protected":false},"author":246,"featured_media":197915,"comment_status":"closed","ping_status":"closed","sticky":false,"template":"","format":"standard","meta":{"footnotes":""},"categories":[436,254,439],"tags":[],"class_list":["post-197914","post","type-post","status-publish","format-standard","has-post-thumbnail","hentry","category-destaque-da-semana","category-politica","category-ultima-hora"],"_links":{"self":[{"href":"https:\/\/diarioregionaldigital.com.br\/index.php?rest_route=\/wp\/v2\/posts\/197914","targetHints":{"allow":["GET"]}}],"collection":[{"href":"https:\/\/diarioregionaldigital.com.br\/index.php?rest_route=\/wp\/v2\/posts"}],"about":[{"href":"https:\/\/diarioregionaldigital.com.br\/index.php?rest_route=\/wp\/v2\/types\/post"}],"author":[{"embeddable":true,"href":"https:\/\/diarioregionaldigital.com.br\/index.php?rest_route=\/wp\/v2\/users\/246"}],"replies":[{"embeddable":true,"href":"https:\/\/diarioregionaldigital.com.br\/index.php?rest_route=%2Fwp%2Fv2%2Fcomments&post=197914"}],"version-history":[{"count":1,"href":"https:\/\/diarioregionaldigital.com.br\/index.php?rest_route=\/wp\/v2\/posts\/197914\/revisions"}],"predecessor-version":[{"id":197916,"href":"https:\/\/diarioregionaldigital.com.br\/index.php?rest_route=\/wp\/v2\/posts\/197914\/revisions\/197916"}],"wp:featuredmedia":[{"embeddable":true,"href":"https:\/\/diarioregionaldigital.com.br\/index.php?rest_route=\/wp\/v2\/media\/197915"}],"wp:attachment":[{"href":"https:\/\/diarioregionaldigital.com.br\/index.php?rest_route=%2Fwp%2Fv2%2Fmedia&parent=197914"}],"wp:term":[{"taxonomy":"category","embeddable":true,"href":"https:\/\/diarioregionaldigital.com.br\/index.php?rest_route=%2Fwp%2Fv2%2Fcategories&post=197914"},{"taxonomy":"post_tag","embeddable":true,"href":"https:\/\/diarioregionaldigital.com.br\/index.php?rest_route=%2Fwp%2Fv2%2Ftags&post=197914"}],"curies":[{"name":"wp","href":"https:\/\/api.w.org\/{rel}","templated":true}]}}