{"id":197911,"date":"2022-04-22T16:06:00","date_gmt":"2022-04-22T19:06:00","guid":{"rendered":"https:\/\/diarioregionaldigital.com.br\/?p=197911"},"modified":"2022-04-22T16:06:00","modified_gmt":"2022-04-22T19:06:00","slug":"governador-enaltece-atuacao-dos-trabalhadores-da-saude-e-a-importancia-da-ciencia-durante-celebracao-do-dia-da-inconfidencia","status":"publish","type":"post","link":"https:\/\/diarioregionaldigital.com.br\/?p=197911","title":{"rendered":"Governador enaltece atua\u00e7\u00e3o dos trabalhadores da Sa\u00fade e a import\u00e2ncia da ci\u00eancia durante celebra\u00e7\u00e3o do Dia da Inconfid\u00eancia"},"content":{"rendered":"<p>O governador Romeu Zema participou, nesta quinta-feira (21\/4), da cerim\u00f4nia do Dia da Inconfid\u00eancia Mineira, realizada em Ouro Preto, na regi\u00e3o Central de Minas, e destacou a atua\u00e7\u00e3o dos profissionais de sa\u00fade, a import\u00e2ncia da ci\u00eancia e da vacina e a supera\u00e7\u00e3o da pandemia para a retomada da normalidade. Nos \u00faltimos dois anos o evento n\u00e3o foi realizado devido \u00e0s medidas de preven\u00e7\u00e3o \u00e0 covid-19.<\/p>\n<p>\u201cSomente o fato de estarmos aqui reunidos novamente mostra o qu\u00e3o perto estamos de superar definitivamente o enorme desafio que foi a pandemia. Enfrentamos n\u00fameros de guerra nos \u00faltimos dois anos. Em Minas, perdemos 61 mil pessoas para essa terr\u00edvel doen\u00e7a. N\u00famero assustador, que reverbera na saudade que cada fam\u00edlia carregar\u00e1 para sempre. Mas n\u00famero que seria imensamente maior n\u00e3o fosse um pacto coletivo. A ci\u00eancia, apoiada pelo comportamento previdente do mineiro, permitiu que as restri\u00e7\u00f5es iniciais pudessem ser gradualmente ultrapassadas\u201d, afirmou o governador.<\/p>\n<p>O trabalho em conjunto visando o bem-estar da popula\u00e7\u00e3o tamb\u00e9m foi ressaltado pelo governador em seu\u00a0<a href=\"https:\/\/www.agenciaminas.mg.gov.br\/ckeditor_assets\/attachments\/13873\/21-4-2022_-_discurso_medalha_da_inconfidencia.pdf\" target=\"_blank\" rel=\"noopener\">discurso<\/a>.<\/p>\n<p>Em nome de todos os profissionais de sa\u00fade que trabalharam e enfrentaram com muita for\u00e7a este per\u00edodo t\u00e3o conturbado da sociedade, Zema destacou a t\u00e9cnica em enfermagem Maria Bom Sucesso Pereira, conhecida como Cec\u00e9, que atuou na linha de frente no combate \u00e0 pandemia desde o in\u00edcio e foi a primeira pessoa vacinada em Minas Gerais. Ela foi agraciada com a Grande Medalha.<\/p>\n<p>\u201cA motiva\u00e7\u00e3o final comum de salvar vidas permite e promove o di\u00e1logo. Foi assim que aqui em Minas enfrentamos a Covid-19. Por isso, agrade\u00e7o a todos que atuaram nessa batalha, que se sacrificaram. Agrade\u00e7o especialmente aos profissionais de sa\u00fade que se desdobraram em escalas extenuantes para garantir que todos os pacientes tivessem atendimento e chance de sobreviver. Por isso, a homenagem mais simb\u00f3lica dessa cerim\u00f4nia \u00e9 a Grande Medalha para a t\u00e9cnica em enfermagem Maria Bom Sucesso Pereira, a Cec\u00e9. Ela n\u00e3o s\u00f3 representa a luta dos profissionais de sa\u00fade, mas o in\u00edcio da vacina\u00e7\u00e3o contra a Covid-19, ao ser aprimeira mineira a ser imunizada. Sua imagem ser\u00e1 eternamente relacionada \u00e0 nossa esperan\u00e7a\u201d, disse o governador.<\/p>\n<p><strong>Liberdade\u00a0<\/strong><\/p>\n<p>Ainda em seu discurso, Zema frisou que nos momentos em que a humanidade se recupera de crises, como este da pandemia, h\u00e1 dois pontos essenciais que as pessoas anseiam em retomar plenamente: paz e liberdade. E, segundo o governador, a liberdade n\u00e3o se alcan\u00e7a somente quando se pode ir e vir ou manifestar a sua opini\u00e3o, mas tamb\u00e9m se d\u00e1 a partir da garantia dos direitos b\u00e1sicos aos cidad\u00e3os e este tem sido o principal trabalho realizado pelo seu governo.<\/p>\n<p>\u201cN\u00e3o h\u00e1 liberdade plena para quem passa fome ou n\u00e3o consegue um emprego, para quem n\u00e3o tem condi\u00e7\u00f5es dignas de ensino, para quem ao ficar doente n\u00e3o tem onde se tratar. Que liberdade tem um funcion\u00e1rio que ap\u00f3s trabalhar o m\u00eas inteiro, o ano inteiro, n\u00e3o sabe quando vai receber sal\u00e1rio e d\u00e9cimo terceiro? Desde o meu primeiro dia como governador, o meu maior esfor\u00e7o tem sido garantir liberdade da forma mais ampla e irrestrita para os mineiros, em todos os aspectos poss\u00edveis em que essa palavra se encaixa. Garantir que todos tenham os seus direitos b\u00e1sicos preservados para que o seu destino seja determinado cada vez mais por suas escolhas\u201d, refor\u00e7ou.<\/p>\n<p>Romeu Zema finalizou o discurso dizendo que o maior objetivo \u00e9 que Minas retome o caminho do progresso.<\/p>\n<p>\u201cFizemos e estamos fazendo os maiores investimentos em Sa\u00fade e Educa\u00e7\u00e3o de todos os tempos neste Estado. Geramos mais de 200 mil empregos. Hoje, o servidor de Minas sabe que seu direito sagrado a um sal\u00e1rio digno est\u00e1 preservado. Por tudo isso, tenho a seguran\u00e7a de que hoje os mineiros s\u00e3o mais livres do que eram no dia 1\u00b0 de janeiro de 2019 quando tomei posse, em meio \u00e0 manifesta\u00e7\u00e3o de prefeitos que pediam o cumprimento do direito b\u00e1sico de receber verbas constitucionais. Agora mantenho o trabalho de governar para que essa liberdade alcan\u00e7ada n\u00e3o seja uma entrega do meu governo, mas um legado perene no futuro de Minas. Para que nosso Estado caminhe de agora em diante somente numa dire\u00e7\u00e3o, rumo ao progresso\u201d, finalizou.<\/p>\n<p><strong>A Medalha<\/strong><\/p>\n<p>Neste ano, a maior honraria concedida pelo Estado de Minas Gerais, al\u00e9m dos indicados em 2022, contemplou os agraciados em 2020 \u2013 quando o evento n\u00e3o foi realizado devido \u00e0 pandemia. Em 2021, n\u00e3o houve indicados. Ao todo, foram 170 homenageados.<\/p>\n<p>A Medalha da Inconfid\u00eancia foi criada em 1952 pelo governador Juscelino Kubitscheck e possui quatro designa\u00e7\u00f5es: Grande Colar, Grande Medalha, Medalha de Honra e Medalha da Inconfid\u00eancia. Elas s\u00e3o entregues a personalidades e institui\u00e7\u00f5es que contribu\u00edram para o desenvolvimento de Minas Gerais. Al\u00e9m disso, tradicionalmente, no dia 21 de abril a capital do estado \u00e9 transferida simbolicamente para Ouro Preto.<\/p>\n<p>O Grande Colar foi concedido ao senador mineiro e presidente do Congresso Nacional, Rodrigo Pacheco. O parlamentar n\u00e3o pode comparecer ao evento devido a compromissos de agenda. O governador Romeu Zema destacou o papel do senador mineiro na busca pela paz e pelos interesses de Minas.<\/p>\n<p>\u201cEstamos bem representados pelo presidente do Congresso Nacional, Rodrigo Pacheco, como o homenageado com o Grande Colar da Medalha da Inconfid\u00eancia. Ele n\u00e3o p\u00f4de participar dessa homenagem presencialmente, mas fica registrado o nosso agradecimento \u00e0 sua atua\u00e7\u00e3o. Um chefe de poder que coloca os interesses dos mineiros e brasileiros acima dos seus interesses pessoais e pol\u00edticos \u00e9 o modelo de chefe de poder que todos os demais devem se espelhar. Nas ruas de Ouro Preto surgiu o iluminismo no Brasil. Aqui \u00e9 o embri\u00e3o no pa\u00eds da concep\u00e7\u00e3o dos valores liberais de liberdade e igualdade. Que a mem\u00f3ria dos Inconfidentes permane\u00e7a eternamente viva na preserva\u00e7\u00e3o e avan\u00e7os desses direitos inalien\u00e1veis\u201d.<\/p>\n<p><em><a href=\"https:\/\/www.agenciaminas.mg.gov.br\/ckeditor_assets\/attachments\/13873\/21-4-2022_-_discurso_medalha_da_inconfidencia.pdf\" target=\"_blank\" rel=\"noopener\">Clique aqui<\/a>\u00a0para conferir, na \u00edntegra,\u00a0o discurso do governador na\u00a0cerim\u00f4nia do Dia da Inconfid\u00eancia Mineira.<\/p>\n<p><\/em>Fonte: Ag\u00eancia Minas<\/p>\n","protected":false},"excerpt":{"rendered":"<p>O governador Romeu Zema participou, nesta quinta-feira (21\/4), da cerim\u00f4nia do Dia da Inconfid\u00eancia Mineira, realizada em Ouro Preto, na regi\u00e3o Central de Minas, e destacou a atua\u00e7\u00e3o dos profissionais de sa\u00fade, a import\u00e2ncia da ci\u00eancia e da vacina e a supera\u00e7\u00e3o da pandemia para a retomada da normalidade. Nos \u00faltimos dois anos o evento [&hellip;]<\/p>\n","protected":false},"author":246,"featured_media":197912,"comment_status":"closed","ping_status":"closed","sticky":false,"template":"","format":"standard","meta":{"footnotes":""},"categories":[436,440,254,439],"tags":[],"class_list":["post-197911","post","type-post","status-publish","format-standard","has-post-thumbnail","hentry","category-destaque-da-semana","category-destaques-do-dia","category-politica","category-ultima-hora"],"_links":{"self":[{"href":"https:\/\/diarioregionaldigital.com.br\/index.php?rest_route=\/wp\/v2\/posts\/197911","targetHints":{"allow":["GET"]}}],"collection":[{"href":"https:\/\/diarioregionaldigital.com.br\/index.php?rest_route=\/wp\/v2\/posts"}],"about":[{"href":"https:\/\/diarioregionaldigital.com.br\/index.php?rest_route=\/wp\/v2\/types\/post"}],"author":[{"embeddable":true,"href":"https:\/\/diarioregionaldigital.com.br\/index.php?rest_route=\/wp\/v2\/users\/246"}],"replies":[{"embeddable":true,"href":"https:\/\/diarioregionaldigital.com.br\/index.php?rest_route=%2Fwp%2Fv2%2Fcomments&post=197911"}],"version-history":[{"count":1,"href":"https:\/\/diarioregionaldigital.com.br\/index.php?rest_route=\/wp\/v2\/posts\/197911\/revisions"}],"predecessor-version":[{"id":197913,"href":"https:\/\/diarioregionaldigital.com.br\/index.php?rest_route=\/wp\/v2\/posts\/197911\/revisions\/197913"}],"wp:featuredmedia":[{"embeddable":true,"href":"https:\/\/diarioregionaldigital.com.br\/index.php?rest_route=\/wp\/v2\/media\/197912"}],"wp:attachment":[{"href":"https:\/\/diarioregionaldigital.com.br\/index.php?rest_route=%2Fwp%2Fv2%2Fmedia&parent=197911"}],"wp:term":[{"taxonomy":"category","embeddable":true,"href":"https:\/\/diarioregionaldigital.com.br\/index.php?rest_route=%2Fwp%2Fv2%2Fcategories&post=197911"},{"taxonomy":"post_tag","embeddable":true,"href":"https:\/\/diarioregionaldigital.com.br\/index.php?rest_route=%2Fwp%2Fv2%2Ftags&post=197911"}],"curies":[{"name":"wp","href":"https:\/\/api.w.org\/{rel}","templated":true}]}}