{"id":197905,"date":"2022-04-22T15:55:00","date_gmt":"2022-04-22T18:55:00","guid":{"rendered":"https:\/\/diarioregionaldigital.com.br\/?p=197905"},"modified":"2022-04-22T15:55:00","modified_gmt":"2022-04-22T18:55:00","slug":"conselho-aprova-uso-do-fgts-para-quitar-parcelas-atrasadas-de-imovel","status":"publish","type":"post","link":"https:\/\/diarioregionaldigital.com.br\/?p=197905","title":{"rendered":"Conselho aprova uso do FGTS para quitar parcelas atrasadas de im\u00f3vel"},"content":{"rendered":"<p>A partir de 2 de maio, o mutu\u00e1rio do Sistema Financeiro da Habita\u00e7\u00e3o (SFH) poder\u00e1 usar o saldo do Fundo de Garantia do Tempo de Servi\u00e7o (FGTS) para quitar at\u00e9 12 presta\u00e7\u00f5es em atraso. Aprovada pelo Conselho Curador do FGTS, a medida foi publicada ontem (19) no\u00a0<em>Di\u00e1rio Oficial da Uni\u00e3o<\/em>.<\/p>\n<p>A medida vale at\u00e9 31 de dezembro. Atualmente, o FGTS pode ser usado em at\u00e9 duas situa\u00e7\u00f5es para a casa pr\u00f3pria: a compra ou a constru\u00e7\u00e3o e a amortiza\u00e7\u00e3o de parcelas de financiamentos imobili\u00e1rios. Apesar do uso do fundo para reduzir o valor da presta\u00e7\u00e3o, o emprego dos recursos do FGTS para quitar parcelas em atraso \u00e9 novidade.<\/p>\n<p>Tradicionalmente, o trabalhador com financiamento imobili\u00e1rio pode usar o saldo nas contas do FGTS em seu nome para quitar totalmente ou amortizar (reduzir o valor principal) da d\u00edvida da casa pr\u00f3pria. Se o trabalhador tiver nas contas do FGTS uma quantia correspondente a 12 meses de parcelas, pode usar esses recursos para reduzir em at\u00e9 80% o valor das presta\u00e7\u00f5es por 12 meses seguidos.<\/p>\n<p>Nessa situa\u00e7\u00e3o, o FGTS tamb\u00e9m pode ser usado para diminuir o n\u00famero de presta\u00e7\u00f5es (e o tempo total do financiamento) ou para abater uma parte da parcela mensal, reduzindo o valor das presta\u00e7\u00f5es seguintes.<\/p>\n<p>Em rela\u00e7\u00e3o \u00e0 compra e \u00e0 constru\u00e7\u00e3o da casa pr\u00f3pria, pode sacar o dinheiro do FGTS o trabalhador com pelo menos tr\u00eas anos de contribui\u00e7\u00e3o para o fundo. A contagem \u00e9 feita somando o tempo de trabalho na mesma empresa ou em empresas diferentes, em per\u00edodos consecutivos ou n\u00e3o.<\/p>\n<p>A possibilidade de saque do FGTS para compra ou constru\u00e7\u00e3o da casa pr\u00f3pria s\u00f3 vale para quem n\u00e3o seja propriet\u00e1rio, usufrutu\u00e1rio, possuidor, cession\u00e1rio ou promitente comprador de outro im\u00f3vel residencial, constru\u00eddo ou em constru\u00e7\u00e3o, no mesmo munic\u00edpio, regi\u00e3o metropolitana ou em cidades vizinhas \u00e0quela onde o trabalhador mora ou exerce a ocupa\u00e7\u00e3o principal. Essa modalidade de saque tamb\u00e9m n\u00e3o pode ser feita por titulares de outros financiamentos concedidos pelo SFH.<img decoding=\"async\" src=\"https:\/\/agenciabrasil.ebc.com.br\/ebc.png?id=1455290&amp;o=node\" \/><img decoding=\"async\" src=\"https:\/\/agenciabrasil.ebc.com.br\/ebc.gif?id=1455290&amp;o=node\" \/><\/p>\n<p>Fonte: Ag\u00eancia Brasil<\/p>\n","protected":false},"excerpt":{"rendered":"<p>A partir de 2 de maio, o mutu\u00e1rio do Sistema Financeiro da Habita\u00e7\u00e3o (SFH) poder\u00e1 usar o saldo do Fundo de Garantia do Tempo de Servi\u00e7o (FGTS) para quitar at\u00e9 12 presta\u00e7\u00f5es em atraso. Aprovada pelo Conselho Curador do FGTS, a medida foi publicada ontem (19) no\u00a0Di\u00e1rio Oficial da Uni\u00e3o. A medida vale at\u00e9 31 [&hellip;]<\/p>\n","protected":false},"author":246,"featured_media":197906,"comment_status":"closed","ping_status":"closed","sticky":false,"template":"","format":"standard","meta":{"footnotes":""},"categories":[436,261,439],"tags":[],"class_list":["post-197905","post","type-post","status-publish","format-standard","has-post-thumbnail","hentry","category-destaque-da-semana","category-economia","category-ultima-hora"],"_links":{"self":[{"href":"https:\/\/diarioregionaldigital.com.br\/index.php?rest_route=\/wp\/v2\/posts\/197905","targetHints":{"allow":["GET"]}}],"collection":[{"href":"https:\/\/diarioregionaldigital.com.br\/index.php?rest_route=\/wp\/v2\/posts"}],"about":[{"href":"https:\/\/diarioregionaldigital.com.br\/index.php?rest_route=\/wp\/v2\/types\/post"}],"author":[{"embeddable":true,"href":"https:\/\/diarioregionaldigital.com.br\/index.php?rest_route=\/wp\/v2\/users\/246"}],"replies":[{"embeddable":true,"href":"https:\/\/diarioregionaldigital.com.br\/index.php?rest_route=%2Fwp%2Fv2%2Fcomments&post=197905"}],"version-history":[{"count":1,"href":"https:\/\/diarioregionaldigital.com.br\/index.php?rest_route=\/wp\/v2\/posts\/197905\/revisions"}],"predecessor-version":[{"id":197907,"href":"https:\/\/diarioregionaldigital.com.br\/index.php?rest_route=\/wp\/v2\/posts\/197905\/revisions\/197907"}],"wp:featuredmedia":[{"embeddable":true,"href":"https:\/\/diarioregionaldigital.com.br\/index.php?rest_route=\/wp\/v2\/media\/197906"}],"wp:attachment":[{"href":"https:\/\/diarioregionaldigital.com.br\/index.php?rest_route=%2Fwp%2Fv2%2Fmedia&parent=197905"}],"wp:term":[{"taxonomy":"category","embeddable":true,"href":"https:\/\/diarioregionaldigital.com.br\/index.php?rest_route=%2Fwp%2Fv2%2Fcategories&post=197905"},{"taxonomy":"post_tag","embeddable":true,"href":"https:\/\/diarioregionaldigital.com.br\/index.php?rest_route=%2Fwp%2Fv2%2Ftags&post=197905"}],"curies":[{"name":"wp","href":"https:\/\/api.w.org\/{rel}","templated":true}]}}