{"id":197902,"date":"2022-04-22T15:53:15","date_gmt":"2022-04-22T18:53:15","guid":{"rendered":"https:\/\/diarioregionaldigital.com.br\/?p=197902"},"modified":"2022-04-22T15:53:15","modified_gmt":"2022-04-22T18:53:15","slug":"comite-da-camara-de-comercio-exterior-aprova-novas-reducoes-de-tarifas","status":"publish","type":"post","link":"https:\/\/diarioregionaldigital.com.br\/?p=197902","title":{"rendered":"Comit\u00ea da C\u00e2mara de Com\u00e9rcio Exterior aprova novas redu\u00e7\u00f5es de tarifas"},"content":{"rendered":"<p>Um conjunto de pleitos para a redu\u00e7\u00e3o de tarifas de importa\u00e7\u00e3o\u00a0foi aprovado pelo Comit\u00ea-Executivo de Gest\u00e3o (Gecex) da C\u00e2mara de Com\u00e9rcio Exterior (Camex) do Minist\u00e9rio da Economia nesta quarta-feira (20).\u00a0Os pedidos s\u00e3o para zerar o imposto de 15 itens\u00a0para evitar\u00a0desabastecimento no pa\u00eds e outros para baixar a 2%, de forma permanente, as al\u00edquotas de 13 produtos na Tarifa Externa Comum (TEC) do Mercosul.<img decoding=\"async\" src=\"https:\/\/agenciabrasil.ebc.com.br\/ebc.png?id=1455361&amp;o=node\" \/><img decoding=\"async\" src=\"https:\/\/agenciabrasil.ebc.com.br\/ebc.gif?id=1455361&amp;o=node\" \/><\/p>\n<p>Segundo o Minist\u00e9rio da Economia, as medidas ainda ser\u00e3o enviadas para aprecia\u00e7\u00e3o dos demais membros do bloco, na Comiss\u00e3o de Com\u00e9rcio do Mercosul (CCM) e no Comit\u00ea T\u00e9cnico N\u00b01 \u2013 Tarifas, Nomenclatura e Classifica\u00e7\u00e3o de Mercadorias (CT-1).<\/p>\n<p>\u201cOs cortes incluem al\u00edquotas de subst\u00e2ncias qu\u00edmicas utilizadas na produ\u00e7\u00e3o de maquiagens e tinturas; corantes de cabelos; \u00e9ter\u00a0para fabrica\u00e7\u00e3o de concreto; tintas para impress\u00e3o; m\u00e1quinas de caf\u00e9; raquetes de t\u00eanis e prote\u00ednas para ind\u00fastria de alimentos. Os casos foram aprovados por recomenda\u00e7\u00e3o do Comit\u00ea de Altera\u00e7\u00f5es Tarif\u00e1rias (CAT) da Camex e ser\u00e3o encaminhados \u00e0 Comiss\u00e3o de Com\u00e9rcio do Mercosul\u201d, detalhou a Camex.<\/p>\n<p>Em outro voto, tamb\u00e9m conforme recomenda\u00e7\u00e3o do CAT, o Gecex aprovou 13 pleitos de altera\u00e7\u00f5es permanentes na TEC, baixando para 2% al\u00edquotas que\u00a0hoje\u00a0est\u00e3o entre 10% e 16%. A medida inclui produtos qu\u00edmicos usados por diversos segmentos industriais, al\u00e9m de itens para bicicletas, eletro\u00edm\u00e3s, alho em p\u00f3, chapas, folhas e tiras de alum\u00ednio. Esses pleitos ainda dever\u00e3o ser analisados pelo CT-1.<\/p>\n<h2>Covid-19<\/h2>\n<p>Na mesma reuni\u00e3o, o Gecex votou pela inclus\u00e3o de mais um produto na chamada Lista Covid, com redu\u00e7\u00e3o tarif\u00e1ria a zero para o medicamento Baricitinibe. No in\u00edcio deste m\u00eas, o Minist\u00e9rio da Sa\u00fade aprovou a incorpora\u00e7\u00e3o deste\u00a0<a href=\"https:\/\/agenciabrasil.ebc.com.br\/saude\/noticia\/2022-04\/aprovado-o-primeiro-medicamento-para-tratamento-da-covid-19-no-sus\" target=\"_blank\" rel=\"noopener\">f\u00e1rmaco para o tratamento da covid-19 no Sistema \u00danico de Sa\u00fade (SUS)<\/a>.\u00a0O composto \u00e9 utilizado para tratamento de pacientes adultos com covid-19 hospitalizados que necessitam de oxig\u00eanio por m\u00e1scara ou cateter nasal.<\/p>\n<p>Fonte: Ag\u00eancia Brasil<\/p>\n","protected":false},"excerpt":{"rendered":"<p>Um conjunto de pleitos para a redu\u00e7\u00e3o de tarifas de importa\u00e7\u00e3o\u00a0foi aprovado pelo Comit\u00ea-Executivo de Gest\u00e3o (Gecex) da C\u00e2mara de Com\u00e9rcio Exterior (Camex) do Minist\u00e9rio da Economia nesta quarta-feira (20).\u00a0Os pedidos s\u00e3o para zerar o imposto de 15 itens\u00a0para evitar\u00a0desabastecimento no pa\u00eds e outros para baixar a 2%, de forma permanente, as al\u00edquotas de 13 [&hellip;]<\/p>\n","protected":false},"author":246,"featured_media":197903,"comment_status":"closed","ping_status":"closed","sticky":false,"template":"","format":"standard","meta":{"footnotes":""},"categories":[436,261,439],"tags":[],"class_list":["post-197902","post","type-post","status-publish","format-standard","has-post-thumbnail","hentry","category-destaque-da-semana","category-economia","category-ultima-hora"],"_links":{"self":[{"href":"https:\/\/diarioregionaldigital.com.br\/index.php?rest_route=\/wp\/v2\/posts\/197902","targetHints":{"allow":["GET"]}}],"collection":[{"href":"https:\/\/diarioregionaldigital.com.br\/index.php?rest_route=\/wp\/v2\/posts"}],"about":[{"href":"https:\/\/diarioregionaldigital.com.br\/index.php?rest_route=\/wp\/v2\/types\/post"}],"author":[{"embeddable":true,"href":"https:\/\/diarioregionaldigital.com.br\/index.php?rest_route=\/wp\/v2\/users\/246"}],"replies":[{"embeddable":true,"href":"https:\/\/diarioregionaldigital.com.br\/index.php?rest_route=%2Fwp%2Fv2%2Fcomments&post=197902"}],"version-history":[{"count":1,"href":"https:\/\/diarioregionaldigital.com.br\/index.php?rest_route=\/wp\/v2\/posts\/197902\/revisions"}],"predecessor-version":[{"id":197904,"href":"https:\/\/diarioregionaldigital.com.br\/index.php?rest_route=\/wp\/v2\/posts\/197902\/revisions\/197904"}],"wp:featuredmedia":[{"embeddable":true,"href":"https:\/\/diarioregionaldigital.com.br\/index.php?rest_route=\/wp\/v2\/media\/197903"}],"wp:attachment":[{"href":"https:\/\/diarioregionaldigital.com.br\/index.php?rest_route=%2Fwp%2Fv2%2Fmedia&parent=197902"}],"wp:term":[{"taxonomy":"category","embeddable":true,"href":"https:\/\/diarioregionaldigital.com.br\/index.php?rest_route=%2Fwp%2Fv2%2Fcategories&post=197902"},{"taxonomy":"post_tag","embeddable":true,"href":"https:\/\/diarioregionaldigital.com.br\/index.php?rest_route=%2Fwp%2Fv2%2Ftags&post=197902"}],"curies":[{"name":"wp","href":"https:\/\/api.w.org\/{rel}","templated":true}]}}