{"id":197886,"date":"2022-04-20T16:56:48","date_gmt":"2022-04-20T19:56:48","guid":{"rendered":"https:\/\/diarioregionaldigital.com.br\/?p=197886"},"modified":"2022-04-20T16:56:48","modified_gmt":"2022-04-20T19:56:48","slug":"oficina-de-imersao-do-saude-servidor-e-concluida-com-saldo-positivo","status":"publish","type":"post","link":"https:\/\/diarioregionaldigital.com.br\/?p=197886","title":{"rendered":"Oficina de Imers\u00e3o do Sa\u00fade Servidor \u00e9 conclu\u00edda com saldo positivo"},"content":{"rendered":"<p>Segundo informa\u00e7\u00f5es do site da Prefeitura de Juiz de Fora, realizar o planejamento organizacional do Plano de Assist\u00eancia \u00e0 Sa\u00fade da Prefeitura de Juiz de Fora (PJF), o Sa\u00fade Servidor. Este foi o objetivo da primeira oficina de Imers\u00e3o Sa\u00fade Servidor, conclu\u00edda nesta quarta-feira, 20. Coordenada pelo Departamento de Desenvolvimento do Servidor (DDS) da Secretaria de Recursos Humanos (SRH), junto ao plano de sa\u00fade, a oficina contou com seis encontros semanais no audit\u00f3rio do pr\u00e9dio sede da PJF.<\/p>\n<p>&nbsp;<\/p>\n<p>Durante a Imers\u00e3o foram feitas a an\u00e1lise estrat\u00e9gica do plano, definindo miss\u00e3o, vis\u00e3o e valores do Sa\u00fade Servidor, al\u00e9m da an\u00e1lise \u201cswot\u201d, levantando pontos fracos e fortes, fraquezas e oportunidades, a metodologia 5w2h, resultando na elabora\u00e7\u00e3o de um plano de a\u00e7\u00e3o com diretrizes para o plano. Ao final foram elencadas quatro diretrizes e sete a\u00e7\u00f5es que v\u00e3o nortear os trabalhos do Sa\u00fade Servidor.<\/p>\n<p>&nbsp;<\/p>\n<p>Na reuni\u00e3o que fechou o semin\u00e1rio nesta quarta, o secret\u00e1rio de Recursos Humanos, Rog\u00e9rio de Freitas, refor\u00e7ou as expectativas por um plano de Sa\u00fade cada vez mais forte. Para a diretora presidente do Sa\u00fade Servidor, Aline Soares, \u201cfoi um trabalho de extrema necessidade e import\u00e2ncia. Agora temos muito trabalho a ser feito, mas com um direcionamento, prazo e resultados eficientes\u201d.<\/p>\n<p>&nbsp;<\/p>\n<p>Os encontros reuniram, al\u00e9m da diretoria do plano, membros dos conselhos de gest\u00e3o e fiscal do Sa\u00fade Servidor, formados por servidores efetivos da PJF e benefici\u00e1rios do plano que puderam se inscrever para participa\u00e7\u00e3o. A presidente do conselho de gest\u00e3o, Karla Pancini, destacou que \u201ca oficina proporcionou aos conselheiros um novo olhar para o plano. Foi muito positivo estudarmos os pontos fortes e fracos do Sa\u00fade Servidor. Isso tudo nos trouxe a capacidade de entender melhor o plano, com responsabilidade, e buscarmos cada vez mais o respeito aos benefici\u00e1rios e a excel\u00eancia no atendimento\u201d.<\/p>\n<p>&nbsp;<\/p>\n","protected":false},"excerpt":{"rendered":"<p>Segundo informa\u00e7\u00f5es do site da Prefeitura de Juiz de Fora, realizar o planejamento organizacional do Plano de Assist\u00eancia \u00e0 Sa\u00fade da Prefeitura de Juiz de Fora (PJF), o Sa\u00fade Servidor. Este foi o objetivo da primeira oficina de Imers\u00e3o Sa\u00fade Servidor, conclu\u00edda nesta quarta-feira, 20. Coordenada pelo Departamento de Desenvolvimento do Servidor (DDS) da Secretaria [&hellip;]<\/p>\n","protected":false},"author":246,"featured_media":197887,"comment_status":"closed","ping_status":"closed","sticky":false,"template":"","format":"standard","meta":{"footnotes":""},"categories":[253,436,439],"tags":[],"class_list":["post-197886","post","type-post","status-publish","format-standard","has-post-thumbnail","hentry","category-cidade","category-destaque-da-semana","category-ultima-hora"],"_links":{"self":[{"href":"https:\/\/diarioregionaldigital.com.br\/index.php?rest_route=\/wp\/v2\/posts\/197886","targetHints":{"allow":["GET"]}}],"collection":[{"href":"https:\/\/diarioregionaldigital.com.br\/index.php?rest_route=\/wp\/v2\/posts"}],"about":[{"href":"https:\/\/diarioregionaldigital.com.br\/index.php?rest_route=\/wp\/v2\/types\/post"}],"author":[{"embeddable":true,"href":"https:\/\/diarioregionaldigital.com.br\/index.php?rest_route=\/wp\/v2\/users\/246"}],"replies":[{"embeddable":true,"href":"https:\/\/diarioregionaldigital.com.br\/index.php?rest_route=%2Fwp%2Fv2%2Fcomments&post=197886"}],"version-history":[{"count":1,"href":"https:\/\/diarioregionaldigital.com.br\/index.php?rest_route=\/wp\/v2\/posts\/197886\/revisions"}],"predecessor-version":[{"id":197888,"href":"https:\/\/diarioregionaldigital.com.br\/index.php?rest_route=\/wp\/v2\/posts\/197886\/revisions\/197888"}],"wp:featuredmedia":[{"embeddable":true,"href":"https:\/\/diarioregionaldigital.com.br\/index.php?rest_route=\/wp\/v2\/media\/197887"}],"wp:attachment":[{"href":"https:\/\/diarioregionaldigital.com.br\/index.php?rest_route=%2Fwp%2Fv2%2Fmedia&parent=197886"}],"wp:term":[{"taxonomy":"category","embeddable":true,"href":"https:\/\/diarioregionaldigital.com.br\/index.php?rest_route=%2Fwp%2Fv2%2Fcategories&post=197886"},{"taxonomy":"post_tag","embeddable":true,"href":"https:\/\/diarioregionaldigital.com.br\/index.php?rest_route=%2Fwp%2Fv2%2Ftags&post=197886"}],"curies":[{"name":"wp","href":"https:\/\/api.w.org\/{rel}","templated":true}]}}