{"id":197882,"date":"2022-04-20T16:55:24","date_gmt":"2022-04-20T19:55:24","guid":{"rendered":"https:\/\/diarioregionaldigital.com.br\/?p=197882"},"modified":"2022-04-20T16:55:24","modified_gmt":"2022-04-20T19:55:24","slug":"programa-boniteza-inicia-revitalizacao-da-iluminacao-publica-em-rosario-de-minas","status":"publish","type":"post","link":"https:\/\/diarioregionaldigital.com.br\/?p=197882","title":{"rendered":"Programa Boniteza inicia revitaliza\u00e7\u00e3o da ilumina\u00e7\u00e3o p\u00fablica em Ros\u00e1rio de Minas"},"content":{"rendered":"<p>Segundo informa\u00e7\u00f5es do site da Prefeitura de Juiz de Fora, o Programa Boniteza da Prefeitura de Juiz de Fora (PJF) deu in\u00edcio, nesta ter\u00e7a-feira, 20, ao processo de revitaliza\u00e7\u00e3o da ilumina\u00e7\u00e3o p\u00fablica na pra\u00e7a e quadra do bairro Ros\u00e1rio de Minas, localizado na Zona Rural da cidade.<\/p>\n<p>As equipes do Boniteza estiveram no distrito de Ros\u00e1rio de Minas, e est\u00e3o equipando com as novas l\u00e2mpadas de LED a quadra do bairro e da pra\u00e7a, a fim de proporcionar maior economia para o munic\u00edpio. Al\u00e9m de trazer mais seguran\u00e7a ao local, as novas lumin\u00e1rias falham menos e, por isso, tem uma necessidade de manuten\u00e7\u00e3o reduzida.\u00a0Ainda durante esta semana, as equipes do Boniteza tamb\u00e9m finalizaram o reparo da ilumina\u00e7\u00e3o na Pra\u00e7a de Benfica, na Zona Norte de Juiz de Fora.<\/p>\n<p>Por meio do Programa Boniteza e do Brilha JF, em 2021 foram instaladas mais de 1.500 lumin\u00e1rias de LED em vias estrat\u00e9gicas da cidade como a Avenida JK, que est\u00e1 em fase de finaliza\u00e7\u00e3o; Avenida Get\u00falio Vargas; Avenida Brasil, at\u00e9 o viaduto da BD; Avenida Governador Valadares; Rua S\u00e3o Mateus; Rua Ibitiguaia; Rua Benjamin Constant; Rua Ces\u00e1rio Alvim; Avenida Francisco Bernardino; Rua Paulo Frontin; Rua Doutor Prisco; Estrada Engenheiro Gentil Forn; Rua Jos\u00e9 Louren\u00e7o Kelmer, entre a Ponte Casablanca e a UFJF; acesso \u00e0 Nova Benfica pela Rua Martins Barbosa, Viaduto Augusto Franco e Viaduto Ramirez Gonzales, al\u00e9m de diversas pra\u00e7as da cidade.<\/p>\n<p><strong>Gabinete de A\u00e7\u00e3o e Di\u00e1logo Comunit\u00e1rio<\/strong><\/p>\n<p>As a\u00e7\u00f5es da SO s\u00e3o realizadas atrav\u00e9s do\u00a0<strong><a href=\"https:\/\/www.pjf.mg.gov.br\/gabinetecomunitario\/\">Gabinete de A\u00e7\u00e3o e Di\u00e1logo Comunit\u00e1rio<\/a><\/strong>, que recebe demandas de melhorias urbanas pelo n\u00famero (32) 3690-7241, por liga\u00e7\u00e3o ou WhatsApp.<\/p>\n<p>No site do gabinete, est\u00e3o dispon\u00edveis informa\u00e7\u00f5es atualizadas diariamente sobre os servi\u00e7os realizados pelas secretarias de Obras; de Sustentabilidade em Meio Ambiente e Atividades Urbanas (Sesmaur); de Mobilidade Urbana (SMU); e pela Empresa Municipal de Pavimenta\u00e7\u00e3o e Urbaniza\u00e7\u00e3o (Empav); Departamento Municipal de Limpeza Urbana (Demlurb); e Companhia de Saneamento Municipal (Cesama).<\/p>\n","protected":false},"excerpt":{"rendered":"<p>Segundo informa\u00e7\u00f5es do site da Prefeitura de Juiz de Fora, o Programa Boniteza da Prefeitura de Juiz de Fora (PJF) deu in\u00edcio, nesta ter\u00e7a-feira, 20, ao processo de revitaliza\u00e7\u00e3o da ilumina\u00e7\u00e3o p\u00fablica na pra\u00e7a e quadra do bairro Ros\u00e1rio de Minas, localizado na Zona Rural da cidade. As equipes do Boniteza estiveram no distrito de [&hellip;]<\/p>\n","protected":false},"author":246,"featured_media":197883,"comment_status":"closed","ping_status":"closed","sticky":false,"template":"","format":"standard","meta":{"footnotes":""},"categories":[253,436,439],"tags":[],"class_list":["post-197882","post","type-post","status-publish","format-standard","has-post-thumbnail","hentry","category-cidade","category-destaque-da-semana","category-ultima-hora"],"_links":{"self":[{"href":"https:\/\/diarioregionaldigital.com.br\/index.php?rest_route=\/wp\/v2\/posts\/197882","targetHints":{"allow":["GET"]}}],"collection":[{"href":"https:\/\/diarioregionaldigital.com.br\/index.php?rest_route=\/wp\/v2\/posts"}],"about":[{"href":"https:\/\/diarioregionaldigital.com.br\/index.php?rest_route=\/wp\/v2\/types\/post"}],"author":[{"embeddable":true,"href":"https:\/\/diarioregionaldigital.com.br\/index.php?rest_route=\/wp\/v2\/users\/246"}],"replies":[{"embeddable":true,"href":"https:\/\/diarioregionaldigital.com.br\/index.php?rest_route=%2Fwp%2Fv2%2Fcomments&post=197882"}],"version-history":[{"count":2,"href":"https:\/\/diarioregionaldigital.com.br\/index.php?rest_route=\/wp\/v2\/posts\/197882\/revisions"}],"predecessor-version":[{"id":197885,"href":"https:\/\/diarioregionaldigital.com.br\/index.php?rest_route=\/wp\/v2\/posts\/197882\/revisions\/197885"}],"wp:featuredmedia":[{"embeddable":true,"href":"https:\/\/diarioregionaldigital.com.br\/index.php?rest_route=\/wp\/v2\/media\/197883"}],"wp:attachment":[{"href":"https:\/\/diarioregionaldigital.com.br\/index.php?rest_route=%2Fwp%2Fv2%2Fmedia&parent=197882"}],"wp:term":[{"taxonomy":"category","embeddable":true,"href":"https:\/\/diarioregionaldigital.com.br\/index.php?rest_route=%2Fwp%2Fv2%2Fcategories&post=197882"},{"taxonomy":"post_tag","embeddable":true,"href":"https:\/\/diarioregionaldigital.com.br\/index.php?rest_route=%2Fwp%2Fv2%2Ftags&post=197882"}],"curies":[{"name":"wp","href":"https:\/\/api.w.org\/{rel}","templated":true}]}}