{"id":197879,"date":"2022-04-20T16:53:34","date_gmt":"2022-04-20T19:53:34","guid":{"rendered":"https:\/\/diarioregionaldigital.com.br\/?p=197879"},"modified":"2022-04-20T16:53:34","modified_gmt":"2022-04-20T19:53:34","slug":"defesa-civil-aborda-a-importancia-do-trabalho-preventivo-no-nupdec-de-santa-luzia","status":"publish","type":"post","link":"https:\/\/diarioregionaldigital.com.br\/?p=197879","title":{"rendered":"Defesa Civil aborda a import\u00e2ncia do trabalho preventivo no Nupdec de Santa Luzia"},"content":{"rendered":"<p>Segundo informa\u00e7\u00f5es do site da Prefeitura de Juiz de Fora, a Defesa Civil realizou mais um m\u00f3dulo do N\u00facleo de Prote\u00e7\u00e3o e Defesa Civil (Nupdec) para os volunt\u00e1rios de Santa Luzia nesta semana. Na apresenta\u00e7\u00e3o, foi abordada a import\u00e2ncia das obras de conten\u00e7\u00e3o, das obras de drenagem e do trabalho preventivo realizado na cidade.<\/p>\n<p>Al\u00e9m dos servidores da Secretaria de Governo (SG), o Nupdec envolve a participa\u00e7\u00e3o de diversos \u00f3rg\u00e3os. Nesta semana, a Secretaria de Planejamento Urbano (Sepur) e a Secretaria de Obras (SO) participaram do m\u00f3dulo.<\/p>\n<p>A capacita\u00e7\u00e3o acontece semanalmente na Escola Municipal Professor Oswaldo Velloso. O Nupdec capacita os moradores dos bairros para que aprendam no\u00e7\u00f5es b\u00e1sicas de defesa e prote\u00e7\u00e3o, tornando-se agentes transmissores de boas pr\u00e1ticas para a comunidade. Al\u00e9m disso, durante a forma\u00e7\u00e3o, \u00e9 criado um v\u00ednculo entre cidad\u00e3os e Prefeitura de Juiz de Fora (PJF) a fim de ampliar o di\u00e1logo.<\/p>\n<p>No \u00faltimo encontro, os moradores aprenderam a import\u00e2ncia do trabalho preventivo em situa\u00e7\u00f5es de enchentes e deslizamentos, a\u00e7\u00e3o que vem sendo realizada pela Defesa Civil desde a sua integra\u00e7\u00e3o \u00e0 Secretaria de Governo (SG) na atual gest\u00e3o. A subsecret\u00e1ria de Gest\u00e3o de Obras e Projetos, Bruna Rocha, apresentou aos volunt\u00e1rios sobre o funcionamento das obras de conten\u00e7\u00e3o que est\u00e3o sendo realizadas pela cidade. Tamb\u00e9m falou sobre as pr\u00f3ximas obras que beneficiar\u00e3o o bairro de Santa Luzia, afetado constantemente pelas enchentes durante o per\u00edodo chuvoso.<\/p>\n<p>A capacita\u00e7\u00e3o de Santa Luzia, que retornou em mar\u00e7o deste ano, vem mostrando resultados positivos. Victor Augusto do Nascimento Costa, secret\u00e1rio da Associa\u00e7\u00e3o de Moradores de Santa Luzia, celebrou o envolvimento dos moradores com a forma\u00e7\u00e3o. \u201cEsse contato com a Prefeitura \u00e9 fundamental, pois nos possibilita entender os projetos e buscar solu\u00e7\u00f5es para os problemas e necessidades da regi\u00e3o\u201d, disse.<\/p>\n<p>O Nupdec j\u00e1 chegou ao bairro Graminha, localizado na Zona Sul, e no Linhares, na Zona Leste. Em breve, a forma\u00e7\u00e3o ser\u00e1 iniciada na Zona Norte, para os moradores de Benfica e regi\u00e3o.<\/p>\n","protected":false},"excerpt":{"rendered":"<p>Segundo informa\u00e7\u00f5es do site da Prefeitura de Juiz de Fora, a Defesa Civil realizou mais um m\u00f3dulo do N\u00facleo de Prote\u00e7\u00e3o e Defesa Civil (Nupdec) para os volunt\u00e1rios de Santa Luzia nesta semana. Na apresenta\u00e7\u00e3o, foi abordada a import\u00e2ncia das obras de conten\u00e7\u00e3o, das obras de drenagem e do trabalho preventivo realizado na cidade. Al\u00e9m [&hellip;]<\/p>\n","protected":false},"author":246,"featured_media":197880,"comment_status":"closed","ping_status":"closed","sticky":false,"template":"","format":"standard","meta":{"footnotes":""},"categories":[253,436,439],"tags":[],"class_list":["post-197879","post","type-post","status-publish","format-standard","has-post-thumbnail","hentry","category-cidade","category-destaque-da-semana","category-ultima-hora"],"_links":{"self":[{"href":"https:\/\/diarioregionaldigital.com.br\/index.php?rest_route=\/wp\/v2\/posts\/197879","targetHints":{"allow":["GET"]}}],"collection":[{"href":"https:\/\/diarioregionaldigital.com.br\/index.php?rest_route=\/wp\/v2\/posts"}],"about":[{"href":"https:\/\/diarioregionaldigital.com.br\/index.php?rest_route=\/wp\/v2\/types\/post"}],"author":[{"embeddable":true,"href":"https:\/\/diarioregionaldigital.com.br\/index.php?rest_route=\/wp\/v2\/users\/246"}],"replies":[{"embeddable":true,"href":"https:\/\/diarioregionaldigital.com.br\/index.php?rest_route=%2Fwp%2Fv2%2Fcomments&post=197879"}],"version-history":[{"count":1,"href":"https:\/\/diarioregionaldigital.com.br\/index.php?rest_route=\/wp\/v2\/posts\/197879\/revisions"}],"predecessor-version":[{"id":197881,"href":"https:\/\/diarioregionaldigital.com.br\/index.php?rest_route=\/wp\/v2\/posts\/197879\/revisions\/197881"}],"wp:featuredmedia":[{"embeddable":true,"href":"https:\/\/diarioregionaldigital.com.br\/index.php?rest_route=\/wp\/v2\/media\/197880"}],"wp:attachment":[{"href":"https:\/\/diarioregionaldigital.com.br\/index.php?rest_route=%2Fwp%2Fv2%2Fmedia&parent=197879"}],"wp:term":[{"taxonomy":"category","embeddable":true,"href":"https:\/\/diarioregionaldigital.com.br\/index.php?rest_route=%2Fwp%2Fv2%2Fcategories&post=197879"},{"taxonomy":"post_tag","embeddable":true,"href":"https:\/\/diarioregionaldigital.com.br\/index.php?rest_route=%2Fwp%2Fv2%2Ftags&post=197879"}],"curies":[{"name":"wp","href":"https:\/\/api.w.org\/{rel}","templated":true}]}}