{"id":197876,"date":"2022-04-20T16:51:35","date_gmt":"2022-04-20T19:51:35","guid":{"rendered":"https:\/\/diarioregionaldigital.com.br\/?p=197876"},"modified":"2022-04-20T16:51:35","modified_gmt":"2022-04-20T19:51:35","slug":"prefeita-lanca-campanha-juiz-de-fora-meu-destino","status":"publish","type":"post","link":"https:\/\/diarioregionaldigital.com.br\/?p=197876","title":{"rendered":"Prefeita lan\u00e7a campanha \u201cJuiz de Fora Meu Destino\u201d"},"content":{"rendered":"<p>Segundo informa\u00e7\u00f5es do site da Prefeitura de Juiz de Fora, a\u00a0prefeita Margarida Salom\u00e3o lan\u00e7ou nesta quarta-feira, 20, no Anfiteatro Jo\u00e3o Carri\u00e7o, a campanha \u201cJuiz de Fora Meu Destino\u201d. O projeto ser\u00e1 uma nova maneira para que turistas e empres\u00e1rios possam ter contato com promo\u00e7\u00f5es, descontos e roteiros de compras e atra\u00e7\u00f5es dentro de Juiz de Fora. Em um primeiro momento, haver\u00e1 um itiner\u00e1rio com enfoque no Dia das M\u00e3es, e, posteriormente, ser\u00e3o incorporados ao projeto diversos outros circuitos em diferentes \u00e1reas, com circuitos de cervejas especiais, gastronomia, cultura, esportes radicais entre outros.<\/p>\n<p>Margarida Salom\u00e3o lembrou que, hoje, h\u00e1 muitas compras feitas por meio eletr\u00f4nico e que \u00e9 preciso trabalhar para que o presencial possa ter acesso ao turismo, a cultura e a produ\u00e7\u00e3o local, como as cervejas especiais feitas em Juiz de Fora e premiadas internacionalmente pela sua qualidade. De acordo com a prefeita, o maior empregador da cidade \u00e9 o com\u00e9rcio e, por isso, est\u00e1 empenhada em melhorar o centro da cidade.<\/p>\n<p>\u201cTemos v\u00e1rios projetos de restaura\u00e7\u00e3o de pra\u00e7as, ilumina\u00e7\u00e3o p\u00fablica e, em pouco tempo, teremos orgulho de andar na nossa regi\u00e3o central onde se concentra o setor comercial. Juiz de Fora continua dando certo e precisamos iluminar a aura da cidade para que ela brilhe mais. Neste projeto fizemos a nossa parte e \u00e9 preciso que o setor empresarial adira a ele para assegurarmos maior gera\u00e7\u00e3o de renda e emprego\u201d, disse a prefeita.<\/p>\n<p>A prefeita ressaltou que houve um trabalho coletivo e que a Prefeitura disponibilizar\u00e1 toda a infraestrutura necess\u00e1ria para que os empres\u00e1rios possam fazer investimentos e os cidad\u00e3os e visitantes possam se sentir acolhidos e seguros em suas compras na cidade.<\/p>\n<p>A campanha foi apresentada por um v\u00eddeo institucional e por um site, al\u00e9m de um aplicativo desenvolvido pela Carta Curinga em parceria com a Prefeitura de Juiz de Fora (PJF). Por meio eletr\u00f4nico, os empres\u00e1rios podem cadastrar seus estabelecimentos e oferecer promo\u00e7\u00f5es e descontos. Os cidad\u00e3os locais e do entorno de Juiz de Fora, ao acessar o aplicativo, selecionar\u00e3o os estabelecimentos que lhe interessarem para suas compras, hospedagem e alimenta\u00e7\u00e3o. As promo\u00e7\u00f5es t\u00eam como objetivo fazer com que as pessoas de fora permane\u00e7am na cidade por mais tempo, incrementando a atividade econ\u00f4mica.<\/p>\n<p>O presidente da C\u00e2mara, Juraci Scheffer, elogiou a campanha e disse que a cidade tem muito a oferecer, com um grande potencial de crescimento no com\u00e9rcio, na cultura e nas atividades tur\u00edsticas. O representante da Carta Coringa, parceira da PJF neste projeto, Rodrigo Mafra, destacou que a empresa tem uma plataforma na cidade h\u00e1 11 anos, tendo, nesse per\u00edodo, identificado o perfil dos consumidores, o que ir\u00e1 ajudar a alavancar e movimentar a economia local, especialmente nas \u00e1reas do com\u00e9rcio, turismo e atividades culturais e de lazer.<\/p>\n<p>Marcos Casarin, presidente do Clube de Dirigentes Lojistas (CDL), destacou que Juiz de Fora \u00e9 polo de outras 84 cidades com um total de mais de 2 milh\u00f5es de habitantes que s\u00e3o tamb\u00e9m consumidores. Ele ressaltou que a cidade tem muito a oferecer como atrativos em diversos segmentos. J\u00e1 Alo\u00edsio Vasconcelos, presidente da Associa\u00e7\u00e3o Comercial (AC), elogiou a inciativa, lembrando que esta foi mais uma a\u00e7\u00e3o assertiva da gest\u00e3o da prefeita Margarida Salom\u00e3o.<\/p>\n<p>Em sua fala, o secret\u00e1rio de Desenvolvimento Sustent\u00e1vel e Inclusivo, da Inova\u00e7\u00e3o e Competitividade, Ignacio Delgado, reafirmou que um dos objetivos da iniciativa \u00e9 tornar a cidade um polo nacional da economia criativa e do turismo. Ele acredita que essa campanha tem tudo para \u201ccolocar Juiz de Fora no radar\u201d. J\u00e1 a diretora-geral da Funalfa, Giane Elisa, destacou o momento importante para pensar o desenvolvimento da cidade e a Zona da Mata via cultura, turismo e com\u00e9rcio.<\/p>\n<p>Para a secret\u00e1ria de Sustentabilidade em Meio Ambiente e Atividades Urbanas, Aline Junqueira, a parceria feita com a Carta Curinga permitir\u00e1 que a cidade possa oferecer um grande portf\u00f3lio para os visitantes e para os juiz-foranos. O secret\u00e1rio de Turismo, Marcelo do Carmo, destacou que depois do roteiro de compras, haver\u00e1 outros roteiros para atrair as pessoas, como o circuito das cervejas especiais, da gastronomia, da cultura, dos esportes radicais entre outros.<\/p>\n<p>Participaram do evento o presidente da C\u00e2mara de Vereadores, Juraci Scheffer (PT); os presidentes da Associa\u00e7\u00e3o Comercial (AC) e do Clube de Dirigentes Lojistas (CDL), respectivamente Alo\u00edsio Vasconcelos e Marcos Casarin; al\u00e9m dos secret\u00e1rios Ign\u00e1cio Delgado (Sedic), Giane Elisa Sales de Almeida (Funalfa), Aline Junqueira (Sesmaur), M\u00e1rcio Guerra (Secom) e Marcelo do Carmo (Setur) que compuseram a mesa diretora dos trabalhos.<\/p>\n","protected":false},"excerpt":{"rendered":"<p>Segundo informa\u00e7\u00f5es do site da Prefeitura de Juiz de Fora, a\u00a0prefeita Margarida Salom\u00e3o lan\u00e7ou nesta quarta-feira, 20, no Anfiteatro Jo\u00e3o Carri\u00e7o, a campanha \u201cJuiz de Fora Meu Destino\u201d. O projeto ser\u00e1 uma nova maneira para que turistas e empres\u00e1rios possam ter contato com promo\u00e7\u00f5es, descontos e roteiros de compras e atra\u00e7\u00f5es dentro de Juiz de [&hellip;]<\/p>\n","protected":false},"author":246,"featured_media":197877,"comment_status":"closed","ping_status":"closed","sticky":false,"template":"","format":"standard","meta":{"footnotes":""},"categories":[253,436,440,439],"tags":[],"class_list":["post-197876","post","type-post","status-publish","format-standard","has-post-thumbnail","hentry","category-cidade","category-destaque-da-semana","category-destaques-do-dia","category-ultima-hora"],"_links":{"self":[{"href":"https:\/\/diarioregionaldigital.com.br\/index.php?rest_route=\/wp\/v2\/posts\/197876","targetHints":{"allow":["GET"]}}],"collection":[{"href":"https:\/\/diarioregionaldigital.com.br\/index.php?rest_route=\/wp\/v2\/posts"}],"about":[{"href":"https:\/\/diarioregionaldigital.com.br\/index.php?rest_route=\/wp\/v2\/types\/post"}],"author":[{"embeddable":true,"href":"https:\/\/diarioregionaldigital.com.br\/index.php?rest_route=\/wp\/v2\/users\/246"}],"replies":[{"embeddable":true,"href":"https:\/\/diarioregionaldigital.com.br\/index.php?rest_route=%2Fwp%2Fv2%2Fcomments&post=197876"}],"version-history":[{"count":1,"href":"https:\/\/diarioregionaldigital.com.br\/index.php?rest_route=\/wp\/v2\/posts\/197876\/revisions"}],"predecessor-version":[{"id":197878,"href":"https:\/\/diarioregionaldigital.com.br\/index.php?rest_route=\/wp\/v2\/posts\/197876\/revisions\/197878"}],"wp:featuredmedia":[{"embeddable":true,"href":"https:\/\/diarioregionaldigital.com.br\/index.php?rest_route=\/wp\/v2\/media\/197877"}],"wp:attachment":[{"href":"https:\/\/diarioregionaldigital.com.br\/index.php?rest_route=%2Fwp%2Fv2%2Fmedia&parent=197876"}],"wp:term":[{"taxonomy":"category","embeddable":true,"href":"https:\/\/diarioregionaldigital.com.br\/index.php?rest_route=%2Fwp%2Fv2%2Fcategories&post=197876"},{"taxonomy":"post_tag","embeddable":true,"href":"https:\/\/diarioregionaldigital.com.br\/index.php?rest_route=%2Fwp%2Fv2%2Ftags&post=197876"}],"curies":[{"name":"wp","href":"https:\/\/api.w.org\/{rel}","templated":true}]}}