{"id":197872,"date":"2022-04-20T16:48:17","date_gmt":"2022-04-20T19:48:17","guid":{"rendered":"https:\/\/diarioregionaldigital.com.br\/?p=197872"},"modified":"2022-04-20T16:48:17","modified_gmt":"2022-04-20T19:48:17","slug":"corinthians-estreia-na-3a-fase-da-copa-do-brasil-contra-portuguesa-rj","status":"publish","type":"post","link":"https:\/\/diarioregionaldigital.com.br\/?p=197872","title":{"rendered":"Corinthians estreia na 3\u00aa fase da Copa do Brasil contra Portuguesa-RJ"},"content":{"rendered":"<p>A caminhada do Corinthians na Copa do Brasil come\u00e7a, nesta\u00a0<span id=\"OBJ_PREFIX_DWT1891_com_zimbra_date\" role=\"link\"><span id=\"OBJ_PREFIX_DWT1903_com_zimbra_date\" role=\"link\">quarta<\/span><\/span>-feira (20), contra a Portuguesa-RJ. Por estar entre os clubes brasileiros participantes da Libertadores, o Tim\u00e3o entra agora na terceira fase da competi\u00e7\u00e3o. Por seis vezes o Alvinegro Paulista chegou \u00e0s finais deste torneio, faturando o t\u00edtulo em 1995, 2002 e 2009. J\u00e1 a Lusa Carioca \u00e9 estreante na Copa do Brasil e j\u00e1 eliminou\u00a0CRB-AL e Sampaio Corr\u00eaa-MA nas fases anteriores, de jogo \u00fanico. Como mandante, a Portuguesa levou o jogo para o Est\u00e1dio do Caf\u00e9, em Londrina,\u00a0\u00a0A partida ter\u00e1 in\u00edcio \u00e0s \u00e0s 21h30 (hor\u00e1rio de Bras\u00edlia).\u00a0<img decoding=\"async\" src=\"https:\/\/agenciabrasil.ebc.com.br\/ebc.png?id=1454993&amp;o=node\" \/><img decoding=\"async\" src=\"https:\/\/agenciabrasil.ebc.com.br\/ebc.gif?id=1454993&amp;o=node\" \/><\/p>\n<p>A equipe corintiana vem de tr\u00eas vit\u00f3rias consecutivas. A \u00faltima delas por 3 a 0 contra o Ava\u00ed dentro de casa, no \u00faltimo s\u00e1bado (16), pela S\u00e9rie A do Campeonato Brasileiro. Antes disso, os corintianos superaram o Deportivo Cali (Col\u00f4mbia) pela Libertadores por 1 a 0.<\/p>\n<p>Pr\u00f3ximo de completar dois meses de trabalho \u00e0 frente do Tim\u00e3o, o t\u00e9cnico portugu\u00eas Vitor Pereira fala sobre o desembarque de treinadores lusitanos no Brasil nos \u00faltimos anos.<\/p>\n<p>\u201cCome\u00e7aram a televisionar os jogos em Portugal. O Jesus [Jorge Jesus, ex-t\u00e9cnico do Flamengo] chegou c\u00e1 e teve sucesso, o Abel [Abel Ferreira, do Palmeiras] tamb\u00e9m fez sucesso, e agora vim eu e o Lu\u00eds [Lu\u00eds Castro, t\u00e9cnico do Botafogo]. Acho que essa partilha de diferentes olhares para o futebol \u00e9 importante, at\u00e9 para a evolu\u00e7\u00e3o do futebol brasileiro tamb\u00e9m&#8221;, disse Vitor Pereira durante coletiva.<\/p>\n<p>O treinador vem adotando rod\u00edzio no Corinthians: a mistura entre jogadores mais experientes e os mi\u00fados, os garotos que chegam da base. Sendo assim, a escala\u00e7\u00e3o do Tim\u00e3o na noite desta quarta (20) \u00e9 um mist\u00e9rio, mas deve contar com a volta do lateral Fagner, que cumpriu suspens\u00e3o no \u00faltimo jogo contra o Ava\u00ed.<\/p>\n<p>J\u00e1 a Lusa Carioca, time da Ilha do Governador, bairro da zona norte do Rio de Janeiro, chega ao embate contra o Tim\u00e3o, ap\u00f3s estrear na S\u00e9rie D do Brasileiro no \u00faltimo domingo (17). A equipe comandada pelo t\u00e9cnico Toninho Andrade empatou sem gols com o S\u00e3o Bernardo-SP na casa do advers\u00e1rio.<\/p>\n<p>O mando desta partida de ida \u00e9 da Portuguesa, mas como o est\u00e1dio Luso Brasileiro possui apenas 5 mil lugares e a CBF exige que, nesta fase, as partidas da Copa do Brasil ocorram em est\u00e1dios com no m\u00ednimo 10 mil lugares, o jogo foi vendido para o Est\u00e1dio do Caf\u00e9, na Londrina (PR).<\/p>\n<p>Fonte: Ag\u00eancia Brasil<\/p>\n","protected":false},"excerpt":{"rendered":"<p>A caminhada do Corinthians na Copa do Brasil come\u00e7a, nesta\u00a0quarta-feira (20), contra a Portuguesa-RJ. Por estar entre os clubes brasileiros participantes da Libertadores, o Tim\u00e3o entra agora na terceira fase da competi\u00e7\u00e3o. Por seis vezes o Alvinegro Paulista chegou \u00e0s finais deste torneio, faturando o t\u00edtulo em 1995, 2002 e 2009. J\u00e1 a Lusa Carioca [&hellip;]<\/p>\n","protected":false},"author":246,"featured_media":197873,"comment_status":"closed","ping_status":"closed","sticky":false,"template":"","format":"standard","meta":{"footnotes":""},"categories":[436,257,439],"tags":[],"class_list":["post-197872","post","type-post","status-publish","format-standard","has-post-thumbnail","hentry","category-destaque-da-semana","category-esporte","category-ultima-hora"],"_links":{"self":[{"href":"https:\/\/diarioregionaldigital.com.br\/index.php?rest_route=\/wp\/v2\/posts\/197872","targetHints":{"allow":["GET"]}}],"collection":[{"href":"https:\/\/diarioregionaldigital.com.br\/index.php?rest_route=\/wp\/v2\/posts"}],"about":[{"href":"https:\/\/diarioregionaldigital.com.br\/index.php?rest_route=\/wp\/v2\/types\/post"}],"author":[{"embeddable":true,"href":"https:\/\/diarioregionaldigital.com.br\/index.php?rest_route=\/wp\/v2\/users\/246"}],"replies":[{"embeddable":true,"href":"https:\/\/diarioregionaldigital.com.br\/index.php?rest_route=%2Fwp%2Fv2%2Fcomments&post=197872"}],"version-history":[{"count":2,"href":"https:\/\/diarioregionaldigital.com.br\/index.php?rest_route=\/wp\/v2\/posts\/197872\/revisions"}],"predecessor-version":[{"id":197875,"href":"https:\/\/diarioregionaldigital.com.br\/index.php?rest_route=\/wp\/v2\/posts\/197872\/revisions\/197875"}],"wp:featuredmedia":[{"embeddable":true,"href":"https:\/\/diarioregionaldigital.com.br\/index.php?rest_route=\/wp\/v2\/media\/197873"}],"wp:attachment":[{"href":"https:\/\/diarioregionaldigital.com.br\/index.php?rest_route=%2Fwp%2Fv2%2Fmedia&parent=197872"}],"wp:term":[{"taxonomy":"category","embeddable":true,"href":"https:\/\/diarioregionaldigital.com.br\/index.php?rest_route=%2Fwp%2Fv2%2Fcategories&post=197872"},{"taxonomy":"post_tag","embeddable":true,"href":"https:\/\/diarioregionaldigital.com.br\/index.php?rest_route=%2Fwp%2Fv2%2Ftags&post=197872"}],"curies":[{"name":"wp","href":"https:\/\/api.w.org\/{rel}","templated":true}]}}