{"id":197868,"date":"2022-04-20T16:46:35","date_gmt":"2022-04-20T19:46:35","guid":{"rendered":"https:\/\/diarioregionaldigital.com.br\/?p=197868"},"modified":"2022-04-20T16:46:35","modified_gmt":"2022-04-20T19:46:35","slug":"copa-do-brasil-america-mg-derrota-csa-e-fica-perto-das-oitavas","status":"publish","type":"post","link":"https:\/\/diarioregionaldigital.com.br\/?p=197868","title":{"rendered":"Copa do Brasil: Am\u00e9rica-MG derrota CSA e fica perto das oitavas"},"content":{"rendered":"<p>O Am\u00e9rica-MG iniciou muito bem a sua caminhada na edi\u00e7\u00e3o 2022 da Copa do Brasil, pois derrotou o CSA por 3 a 0, na noite desta ter\u00e7a-feira (19) no est\u00e1dio Rei Pel\u00e9, em Macei\u00f3, pela ida da terceira fase da Copa do Brasil.<img decoding=\"async\" src=\"https:\/\/agenciabrasil.ebc.com.br\/ebc.png?id=1455040&amp;o=node\" \/><img decoding=\"async\" src=\"https:\/\/agenciabrasil.ebc.com.br\/ebc.gif?id=1455040&amp;o=node\" \/><\/p>\n<p>Agora, o Coelho pode at\u00e9 perder por dois gols de diferen\u00e7a, jogando no est\u00e1dio Independ\u00eancia no dia 10 de maio, para garantir vaga nas oitavas de final da competi\u00e7\u00e3o. J\u00e1 \u00e0 equipe alagoana resta uma vit\u00f3ria com, ao menos, quatro gols de vantagem para classificar direto. Triunfo com tr\u00eas gols de vantagem leva para os p\u00eanaltis.<\/p>\n<p>Ap\u00f3s um primeiro tempo sem gols, no qual as oportunidades apareceram de lado a lado, o Am\u00e9rica-MG abriu o placar aos 11 da etapa final. Eder marcou de cabe\u00e7a ap\u00f3s cruzamento de Paulinho Bola.<\/p>\n<p>O segundo do Coelho saiu aos 33 minutos, com Matheusinho. E aos 44, em cobran\u00e7a de falta, Pedrinho deu n\u00fameros finais ao confronto.<\/p>\n<h2>Empate em Salvador<\/h2>\n<p>Se o Am\u00e9rica-MG venceu fora de casa, o Bahia n\u00e3o passou de um empate sem gols com o Azuriz (Paran\u00e1) em plena Arena Fonte Nova. Agora, as equipes voltam a jogar no dia 10 de maio para definir quem fica com a vaga para as oitavas.<\/p>\n<p>Fonte: Ag\u00eancia Brasil<\/p>\n","protected":false},"excerpt":{"rendered":"<p>O Am\u00e9rica-MG iniciou muito bem a sua caminhada na edi\u00e7\u00e3o 2022 da Copa do Brasil, pois derrotou o CSA por 3 a 0, na noite desta ter\u00e7a-feira (19) no est\u00e1dio Rei Pel\u00e9, em Macei\u00f3, pela ida da terceira fase da Copa do Brasil. Agora, o Coelho pode at\u00e9 perder por dois gols de diferen\u00e7a, jogando [&hellip;]<\/p>\n","protected":false},"author":246,"featured_media":197869,"comment_status":"closed","ping_status":"closed","sticky":false,"template":"","format":"standard","meta":{"footnotes":""},"categories":[436,257,439],"tags":[],"class_list":["post-197868","post","type-post","status-publish","format-standard","has-post-thumbnail","hentry","category-destaque-da-semana","category-esporte","category-ultima-hora"],"_links":{"self":[{"href":"https:\/\/diarioregionaldigital.com.br\/index.php?rest_route=\/wp\/v2\/posts\/197868","targetHints":{"allow":["GET"]}}],"collection":[{"href":"https:\/\/diarioregionaldigital.com.br\/index.php?rest_route=\/wp\/v2\/posts"}],"about":[{"href":"https:\/\/diarioregionaldigital.com.br\/index.php?rest_route=\/wp\/v2\/types\/post"}],"author":[{"embeddable":true,"href":"https:\/\/diarioregionaldigital.com.br\/index.php?rest_route=\/wp\/v2\/users\/246"}],"replies":[{"embeddable":true,"href":"https:\/\/diarioregionaldigital.com.br\/index.php?rest_route=%2Fwp%2Fv2%2Fcomments&post=197868"}],"version-history":[{"count":2,"href":"https:\/\/diarioregionaldigital.com.br\/index.php?rest_route=\/wp\/v2\/posts\/197868\/revisions"}],"predecessor-version":[{"id":197871,"href":"https:\/\/diarioregionaldigital.com.br\/index.php?rest_route=\/wp\/v2\/posts\/197868\/revisions\/197871"}],"wp:featuredmedia":[{"embeddable":true,"href":"https:\/\/diarioregionaldigital.com.br\/index.php?rest_route=\/wp\/v2\/media\/197869"}],"wp:attachment":[{"href":"https:\/\/diarioregionaldigital.com.br\/index.php?rest_route=%2Fwp%2Fv2%2Fmedia&parent=197868"}],"wp:term":[{"taxonomy":"category","embeddable":true,"href":"https:\/\/diarioregionaldigital.com.br\/index.php?rest_route=%2Fwp%2Fv2%2Fcategories&post=197868"},{"taxonomy":"post_tag","embeddable":true,"href":"https:\/\/diarioregionaldigital.com.br\/index.php?rest_route=%2Fwp%2Fv2%2Ftags&post=197868"}],"curies":[{"name":"wp","href":"https:\/\/api.w.org\/{rel}","templated":true}]}}