{"id":197864,"date":"2022-04-20T16:45:10","date_gmt":"2022-04-20T19:45:10","guid":{"rendered":"https:\/\/diarioregionaldigital.com.br\/?p=197864"},"modified":"2022-04-20T16:45:10","modified_gmt":"2022-04-20T19:45:10","slug":"pele-volta-a-ser-internado-para-seguir-tratamento-de-tumor","status":"publish","type":"post","link":"https:\/\/diarioregionaldigital.com.br\/?p=197864","title":{"rendered":"Pel\u00e9 volta a ser internado para seguir tratamento de tumor"},"content":{"rendered":"<p>O hospital Albert Einstein anunciou nesta ter\u00e7a-feira (19) que o ex-jogador Edson Arantes do Nascimento, o Pel\u00e9, foi internado na \u00faltima segunda (18) para dar sequ\u00eancia ao tratamento do tumor de c\u00f3lon. Segundo a nota divulgada pela institui\u00e7\u00e3o de sa\u00fade, o Rei do Futebol apresenta \u201ccondi\u00e7\u00f5es cl\u00ednicas boas e est\u00e1veis, e a alta hospitalar deve acontecer nos pr\u00f3ximos dias\u201d.<img decoding=\"async\" src=\"https:\/\/agenciabrasil.ebc.com.br\/ebc.png?id=1455032&amp;o=node\" \/><img decoding=\"async\" src=\"https:\/\/agenciabrasil.ebc.com.br\/ebc.gif?id=1455032&amp;o=node\" \/><\/p>\n<p>Em fevereiro deste ano Pel\u00e9 esteve internado no mesmo hospital Albert Einstein para realizar uma bateria de exames de rotina. Naquela oportunidade, ele tratou um quadro de infec\u00e7\u00e3o urin\u00e1ria.<\/p>\n<p>Em setembro de 2021, o Rei do Futebol foi submetido a uma cirurgia para retirada do tumor no c\u00f3lon. Na ocasi\u00e3o, ele ficou quase um m\u00eas internado, ficando parte do per\u00edodo na Unidade de Terapia Intensiva (UTI).<\/p>\n<p>Fonte: Ag\u00eancia Brasil<\/p>\n","protected":false},"excerpt":{"rendered":"<p>O hospital Albert Einstein anunciou nesta ter\u00e7a-feira (19) que o ex-jogador Edson Arantes do Nascimento, o Pel\u00e9, foi internado na \u00faltima segunda (18) para dar sequ\u00eancia ao tratamento do tumor de c\u00f3lon. Segundo a nota divulgada pela institui\u00e7\u00e3o de sa\u00fade, o Rei do Futebol apresenta \u201ccondi\u00e7\u00f5es cl\u00ednicas boas e est\u00e1veis, e a alta hospitalar deve [&hellip;]<\/p>\n","protected":false},"author":246,"featured_media":197865,"comment_status":"closed","ping_status":"closed","sticky":false,"template":"","format":"standard","meta":{"footnotes":""},"categories":[436,257,439],"tags":[],"class_list":["post-197864","post","type-post","status-publish","format-standard","has-post-thumbnail","hentry","category-destaque-da-semana","category-esporte","category-ultima-hora"],"_links":{"self":[{"href":"https:\/\/diarioregionaldigital.com.br\/index.php?rest_route=\/wp\/v2\/posts\/197864","targetHints":{"allow":["GET"]}}],"collection":[{"href":"https:\/\/diarioregionaldigital.com.br\/index.php?rest_route=\/wp\/v2\/posts"}],"about":[{"href":"https:\/\/diarioregionaldigital.com.br\/index.php?rest_route=\/wp\/v2\/types\/post"}],"author":[{"embeddable":true,"href":"https:\/\/diarioregionaldigital.com.br\/index.php?rest_route=\/wp\/v2\/users\/246"}],"replies":[{"embeddable":true,"href":"https:\/\/diarioregionaldigital.com.br\/index.php?rest_route=%2Fwp%2Fv2%2Fcomments&post=197864"}],"version-history":[{"count":2,"href":"https:\/\/diarioregionaldigital.com.br\/index.php?rest_route=\/wp\/v2\/posts\/197864\/revisions"}],"predecessor-version":[{"id":197867,"href":"https:\/\/diarioregionaldigital.com.br\/index.php?rest_route=\/wp\/v2\/posts\/197864\/revisions\/197867"}],"wp:featuredmedia":[{"embeddable":true,"href":"https:\/\/diarioregionaldigital.com.br\/index.php?rest_route=\/wp\/v2\/media\/197865"}],"wp:attachment":[{"href":"https:\/\/diarioregionaldigital.com.br\/index.php?rest_route=%2Fwp%2Fv2%2Fmedia&parent=197864"}],"wp:term":[{"taxonomy":"category","embeddable":true,"href":"https:\/\/diarioregionaldigital.com.br\/index.php?rest_route=%2Fwp%2Fv2%2Fcategories&post=197864"},{"taxonomy":"post_tag","embeddable":true,"href":"https:\/\/diarioregionaldigital.com.br\/index.php?rest_route=%2Fwp%2Fv2%2Ftags&post=197864"}],"curies":[{"name":"wp","href":"https:\/\/api.w.org\/{rel}","templated":true}]}}