{"id":197857,"date":"2022-04-20T16:40:23","date_gmt":"2022-04-20T19:40:23","guid":{"rendered":"https:\/\/diarioregionaldigital.com.br\/?p=197857"},"modified":"2022-04-20T16:40:23","modified_gmt":"2022-04-20T19:40:23","slug":"maternidade-do-hospital-julia-kubitschek-tem-previsao-de-r-340-mil-em-investimentos-para-2022","status":"publish","type":"post","link":"https:\/\/diarioregionaldigital.com.br\/?p=197857","title":{"rendered":"Maternidade do Hospital J\u00falia Kubitschek tem previs\u00e3o de R$ 340 mil em investimentos para 2022"},"content":{"rendered":"<p>Est\u00e1 prevista para iniciar ainda no primeiro semestre de 2022 a revitaliza\u00e7\u00e3o de parte do ambulat\u00f3rio de Sa\u00fade da Mulher, no Hospital J\u00falia Kubitschek (HJK), da\u00a0<a href=\"http:\/\/www.fhemig.mg.gov.br\/\" target=\"_blank\" rel=\"noopener\">Rede Fhemig<\/a>. A iniciativa integra uma s\u00e9rie de investimentos realizados nos \u00faltimos tr\u00eas anos na unidade, que \u00e9 refer\u00eancia em gesta\u00e7\u00e3o de alto risco. Para 2022, o valor previsto em aquisi\u00e7\u00f5es est\u00e1 em torno de R$ 340 mil.<\/p>\n<p>O servi\u00e7o &#8211; composto por ambulat\u00f3rio, maternidade e Casa da Gestante &#8211; recebeu, nos \u00faltimos dois anos, investimentos de mais de R$ 550 mil. Foram adquiridos dez ber\u00e7os para rec\u00e9m-nascidos, sete unidades de fototerapia (tratamento geralmente utilizado para icter\u00edcia neonatal), aparelho de ultrassonografia ginecol\u00f3gica e obst\u00e9trica, al\u00e9m de outros instrumentos, como oftalmosc\u00f3pio e otosc\u00f3pio.<\/p>\n<p>O diretor do Complexo de Especialidades \u2013 do qual o HJK faz parte \u2013 Samar Musse Dib ressalta que os investimentos representam um reconhecimento \u00e0 voca\u00e7\u00e3o do servi\u00e7o. \u201cEstivemos como refer\u00eancia para gestantes e pu\u00e9rperas (m\u00e3es que acabaram de dar \u00e0 luz) suspeitas e confirmadas para a covid-19 sem perder de vista nosso papel de refer\u00eancia, sobretudo para a popula\u00e7\u00e3o da regi\u00e3o do Barreiro, j\u00e1 que temos essa atua\u00e7\u00e3o distrital e uma forte interlocu\u00e7\u00e3o com a comunidade e a Aten\u00e7\u00e3o B\u00e1sica\u201d, explica.<\/p>\n<p><strong>Nascer no Barreiro<\/strong><\/p>\n<p>A diretora assistencial da Fhemig, Lucineia Carvalhais, refor\u00e7a que o car\u00e1ter distrital da assist\u00eancia permitiu que a popula\u00e7\u00e3o constru\u00edsse uma rela\u00e7\u00e3o diferenciada com a unidade. \u201cTemos sete maternidades SUS em Belo Horizonte. Delas, a \u00fanica que \u00e9 totalmente vocacionada para uma regi\u00e3o \u00e9 a do HJK. Os moradores do Barreiro t\u00eam uma rela\u00e7\u00e3o de propriedade, de orgulho e de fidelidade com a maternidade\u201d, aponta.<\/p>\n<p>\u201cNosso pr\u00e9-natal \u00e9 refer\u00eancia para a Regional do Barreiro. S\u00e3o atendidas, em m\u00e9dia, 500 pacientes por m\u00eas, portadoras de qualquer fator de risco gestacional\u201d, contextualiza a diretora assistencial do Complexo de Especialidades, Viviane Cristina da Cunha.<\/p>\n<p>Os pais de primeira viagem Daniela Medeiros Pereira da Silva e Yago Wanderley Dutra aguardam a chegada do filho Pietro. Moradores do bairro Vila Pinho, no Barreiro, frequentam o pr\u00e9-natal de alto risco desde a quarta semana da gesta\u00e7\u00e3o. \u201cDescobri que tinha press\u00e3o alta e fui encaminhada, pelo posto de sa\u00fade, \u00e0 maternidade do HJK. Al\u00e9m das consultas e exames, tenho acompanhamento de nutricionista e oftalmologista. O atendimento \u00e9 muito bom e todos os profissionais s\u00e3o muito prestativos\u201d, destaca Daniela, que est\u00e1 com 32 semanas de gesta\u00e7\u00e3o. \u201cTemos amigos e conhecidos que tamb\u00e9m tiveram beb\u00ea aqui, e isso nos traz tranquilidade e confian\u00e7a\u201d, acrescenta Yago.<\/p>\n<p>O pr\u00e9-natal de alto risco tem papel fundamental para a condu\u00e7\u00e3o dos casos de pacientes com doen\u00e7as cr\u00f4nicas pr\u00e9vias ou que tiveram uma gravidez anterior de alto risco, al\u00e9m das que identificam, no decorrer da gesta\u00e7\u00e3o, uma condi\u00e7\u00e3o ou doen\u00e7a que ofere\u00e7a risco \u00e0 m\u00e3e e ao beb\u00ea.<\/p>\n<p>Leudmarlen R\u00fabia Gusm\u00e3o Figueiredo \u00e9 servidora do setor de Hotelaria do hospital. Moradora da regi\u00e3o do Barreiro h\u00e1 mais de dez anos, teve a filha Hadassa, hoje com nove meses, na maternidade do HJK.<\/p>\n<p>\u201cDescobri, no mesmo dia, que estava com covid-19 e gr\u00e1vida. O m\u00e9dico que me examinou aconselhou que eu fizesse o pr\u00e9-natal na unidade. Tive pr\u00e9-ecl\u00e2mpsia com 37 semanas de gesta\u00e7\u00e3o e fui encaminhada para uma ces\u00e1rea. Fiquei internada por cinco dias, por conta da press\u00e3o alta, e tamb\u00e9m porque minha filha teve icter\u00edcia. O atendimento foi muito bom. Por ser uma maternidade de alto risco, perto da minha casa, facilitou muito a rotina dos meus acompanhantes durante a interna\u00e7\u00e3o\u201d, conta.<\/p>\n<p><strong>Servi\u00e7o especializado<\/strong><\/p>\n<p>Al\u00e9m do pr\u00e9-natal de alto risco, outros servi\u00e7os ambulatoriais de sa\u00fade da mulher &#8211; tamb\u00e9m ligados \u00e0 assist\u00eancia de m\u00e9dia e alta complexidade &#8211; s\u00e3o oferecidos na unidade. O atendimento contempla ginecologia cl\u00ednica e cir\u00fargica, infantopuberal, proped\u00eautica do colo, puerp\u00e9rio patol\u00f3gico, infertilidade, medicina fetal, aten\u00e7\u00e3o neonatal, palivizumabe, atendimento \u00e0 pessoa em situa\u00e7\u00e3o de viol\u00eancia sexual, mastologia, terceira etapa do M\u00e9todo Canguru, al\u00e9m da realiza\u00e7\u00e3o de ultrassonografias ginecol\u00f3gicas e obst\u00e9tricas e triagens auditivas neonatais universais.<\/p>\n<p>O servi\u00e7o ambulatorial no HJK funciona por encaminhamento \u2013 exceto o atendimento \u00e0 viol\u00eancia sexual, que \u00e9 por demanda espont\u00e2nea. As consultas s\u00e3o solicitadas pelo m\u00e9dico da unidade b\u00e1sica de sa\u00fade e agendadas pela Central de Marca\u00e7\u00e3o de Consultas da Prefeitura de Belo Horizonte. Em 2021, foram realizados dez mil atendimentos.<\/p>\n<p>\u201cO ambulat\u00f3rio disp\u00f5e de ginecologista, obstetra, psic\u00f3logo, assistente social, nutricionista, fonoaudi\u00f3loga, enfermeira, pediatra, neurologista, ultrassonografista e oftalmologista para garantir assist\u00eancia global \u00e0 mulher\u201d, afirma a diretora assistencial, Viviane Cunha.<\/p>\n<p>A maternidade do HJK conta com a Casa da Gestante, Beb\u00ea e Pu\u00e9rpera: resid\u00eancia destinada \u00e0s gestantes de alto risco e \u00e0s m\u00e3es de rec\u00e9m-nascidos que ainda necessitam de acompanhamento assistencial. O servi\u00e7o integra, desde 2012, o Programa Rede Cegonha, do Minist\u00e9rio da Sa\u00fade. Em 2013, recebeu o t\u00edtulo de Hospital Amigo da Crian\u00e7a &#8211; iniciativa da Organiza\u00e7\u00e3o Mundial da Sa\u00fade (OMS) e do Fundo das Na\u00e7\u00f5es Unidas para a Inf\u00e2ncia (Unicef) para promover, proteger e apoiar o aleitamento materno.<\/p>\n<p>Fonte: Ag\u00eancia Minas<\/p>\n","protected":false},"excerpt":{"rendered":"<p>Est\u00e1 prevista para iniciar ainda no primeiro semestre de 2022 a revitaliza\u00e7\u00e3o de parte do ambulat\u00f3rio de Sa\u00fade da Mulher, no Hospital J\u00falia Kubitschek (HJK), da\u00a0Rede Fhemig. A iniciativa integra uma s\u00e9rie de investimentos realizados nos \u00faltimos tr\u00eas anos na unidade, que \u00e9 refer\u00eancia em gesta\u00e7\u00e3o de alto risco. Para 2022, o valor previsto em [&hellip;]<\/p>\n","protected":false},"author":246,"featured_media":197858,"comment_status":"closed","ping_status":"closed","sticky":false,"template":"","format":"standard","meta":{"footnotes":""},"categories":[436,254,439],"tags":[],"class_list":["post-197857","post","type-post","status-publish","format-standard","has-post-thumbnail","hentry","category-destaque-da-semana","category-politica","category-ultima-hora"],"_links":{"self":[{"href":"https:\/\/diarioregionaldigital.com.br\/index.php?rest_route=\/wp\/v2\/posts\/197857","targetHints":{"allow":["GET"]}}],"collection":[{"href":"https:\/\/diarioregionaldigital.com.br\/index.php?rest_route=\/wp\/v2\/posts"}],"about":[{"href":"https:\/\/diarioregionaldigital.com.br\/index.php?rest_route=\/wp\/v2\/types\/post"}],"author":[{"embeddable":true,"href":"https:\/\/diarioregionaldigital.com.br\/index.php?rest_route=\/wp\/v2\/users\/246"}],"replies":[{"embeddable":true,"href":"https:\/\/diarioregionaldigital.com.br\/index.php?rest_route=%2Fwp%2Fv2%2Fcomments&post=197857"}],"version-history":[{"count":1,"href":"https:\/\/diarioregionaldigital.com.br\/index.php?rest_route=\/wp\/v2\/posts\/197857\/revisions"}],"predecessor-version":[{"id":197859,"href":"https:\/\/diarioregionaldigital.com.br\/index.php?rest_route=\/wp\/v2\/posts\/197857\/revisions\/197859"}],"wp:featuredmedia":[{"embeddable":true,"href":"https:\/\/diarioregionaldigital.com.br\/index.php?rest_route=\/wp\/v2\/media\/197858"}],"wp:attachment":[{"href":"https:\/\/diarioregionaldigital.com.br\/index.php?rest_route=%2Fwp%2Fv2%2Fmedia&parent=197857"}],"wp:term":[{"taxonomy":"category","embeddable":true,"href":"https:\/\/diarioregionaldigital.com.br\/index.php?rest_route=%2Fwp%2Fv2%2Fcategories&post=197857"},{"taxonomy":"post_tag","embeddable":true,"href":"https:\/\/diarioregionaldigital.com.br\/index.php?rest_route=%2Fwp%2Fv2%2Ftags&post=197857"}],"curies":[{"name":"wp","href":"https:\/\/api.w.org\/{rel}","templated":true}]}}