{"id":197854,"date":"2022-04-20T16:38:55","date_gmt":"2022-04-20T19:38:55","guid":{"rendered":"https:\/\/diarioregionaldigital.com.br\/?p=197854"},"modified":"2022-04-20T16:38:55","modified_gmt":"2022-04-20T19:38:55","slug":"em-iniciativa-inedita-partituras-de-hinos-brasileiros-chegam-a-minas","status":"publish","type":"post","link":"https:\/\/diarioregionaldigital.com.br\/?p=197854","title":{"rendered":"Em iniciativa in\u00e9dita, partituras de hinos brasileiros chegam a Minas"},"content":{"rendered":"<p><main class=\"clear margin-md-bottom-3\"><\/p>\n<div class=\"clear \">\n<p>Na semana do bicenten\u00e1rio da Inconfid\u00eancia Mineira, Minas recebe os manuscritos dos quatro mais importantes hinos brasileiros: da Independ\u00eancia, Nacional, da Bandeira e da Proclama\u00e7\u00e3o da Rep\u00fablica.<\/p>\n<p>Todo o acervo ficar\u00e1 em exposi\u00e7\u00e3o in\u00e9dita, a partir de ter\u00e7a-feira (26\/4), no Pal\u00e1cio da Liberdade. Tamb\u00e9m integram exposi\u00e7\u00e3o \u201cJ\u00e1 Raiou a Liberdade: Hinos do Brasil\u201d composi\u00e7\u00f5es hist\u00f3ricas, como o Hino da Feliz Aclama\u00e7\u00e3o de D. Jo\u00e3o VI e a Estrela do Brasil.<\/p>\n<p>\u201c\u00c9 uma emo\u00e7\u00e3o estar diante dos originais do hino nacional. A letra mudou, mas a m\u00fasica permanece a mesma. A a\u00e7\u00e3o realizada na semana da Inconfid\u00eancia Mineira, na v\u00e9spera do Dia de Tiradentes, realmente \u00e9 emocionante\u201d, disse o secret\u00e1rio de Estado de<a href=\"https:\/\/www.secult.mg.gov.br\/\" target=\"_blank\" rel=\"noopener\">\u00a0<\/a><a href=\"https:\/\/www.secult.mg.gov.br\/programas-e-acoes\/minas-recebe\">Cultura e Turismo<\/a>, Le\u00f4nidas Oliveira. \u201cIsso s\u00f3 refor\u00e7a o papel de nosso estado, a import\u00e2ncia de Minas Gerais na hist\u00f3ria do pa\u00eds\u201d, completou.<\/p>\n<p>Arquivados na Biblioteca da Escola de M\u00fasica da Universidade Federal do Rio de Janeiro (UFRJ), na capital fluminense, os manuscritos originais deixaram pela primeira vez o edif\u00edcio centen\u00e1rio. O acervo foi escoltado pela\u00a0<a href=\"https:\/\/www.policiamilitar.mg.gov.br\/portal-pm\/externo\/principal.action\" target=\"_blank\" rel=\"noopener\">Pol\u00edcia Militar de Minas Gerais (PMMG)<\/a>\u00a0at\u00e9 o Arquivo P\u00fablico Mineiro (APM). Em seguida, ser\u00e1 encaminhado ao Pal\u00e1cio da Liberdade, onde ficar\u00e1 exposto at\u00e9 7\/9. Depois, os documentos ser\u00e3o restaurados e encaminhados para Bras\u00edlia.<\/p>\n<p><strong>Repercuss\u00e3o<\/strong><\/p>\n<p>Tenente da Pol\u00edcia Militar, Jeanina D\u00e9rgia Pinto participou da equipe que buscou as partituras no Rio de Janeiro.\u00a0 \u201cFoi uma experi\u00eancia maravilhosa e tenho um carinho especial em fazer esse trabalho porque sou musicista. Estou me sentindo muito honrada e gratificada por estar aqui e participar desse trabalho, dessa miss\u00e3o importante de buscar um s\u00edmbolo para nossa na\u00e7\u00e3o\u201d, falou a tenente.<\/p>\n<p>O cantor Rog\u00e9rio Flausino tamb\u00e9m esteve no Arquivo P\u00fablico Mineiro na chegada das partituras e disse estar honrado em participar de um momento t\u00e3o importante. \u201cEstou muito feliz em participar desse momento da chegada desses documentos t\u00e3o raros. Isso representa muito da nossa hist\u00f3ria\u201d, concluiu.<\/p>\n<p>A iniciativa que abre as comemora\u00e7\u00f5es do bicenten\u00e1rio da Independ\u00eancia \u00e9 organizada pela Secretaria de Estado de Cultura e Turismo de Minas Gerais (Secult) em parceria com o programa Arte de Toda Gente, da Funda\u00e7\u00e3o Nacional de Artes (Funarte) e a Universidade Federal do Rio de Janeiro (UFRJ), com curadoria de sua Escola de M\u00fasica. Os hinos foram recebidos ao som do Conjunto de Sopros da Pol\u00edcia Militar de Minas Gerais.<\/p>\n<p>Fonte: Ag\u00eancia Minas<\/p>\n<\/div>\n<p><\/main><\/p>\n","protected":false},"excerpt":{"rendered":"<p>Na semana do bicenten\u00e1rio da Inconfid\u00eancia Mineira, Minas recebe os manuscritos dos quatro mais importantes hinos brasileiros: da Independ\u00eancia, Nacional, da Bandeira e da Proclama\u00e7\u00e3o da Rep\u00fablica. Todo o acervo ficar\u00e1 em exposi\u00e7\u00e3o in\u00e9dita, a partir de ter\u00e7a-feira (26\/4), no Pal\u00e1cio da Liberdade. Tamb\u00e9m integram exposi\u00e7\u00e3o \u201cJ\u00e1 Raiou a Liberdade: Hinos do Brasil\u201d composi\u00e7\u00f5es hist\u00f3ricas, [&hellip;]<\/p>\n","protected":false},"author":246,"featured_media":197855,"comment_status":"closed","ping_status":"closed","sticky":false,"template":"","format":"standard","meta":{"footnotes":""},"categories":[436,254,439],"tags":[],"class_list":["post-197854","post","type-post","status-publish","format-standard","has-post-thumbnail","hentry","category-destaque-da-semana","category-politica","category-ultima-hora"],"_links":{"self":[{"href":"https:\/\/diarioregionaldigital.com.br\/index.php?rest_route=\/wp\/v2\/posts\/197854","targetHints":{"allow":["GET"]}}],"collection":[{"href":"https:\/\/diarioregionaldigital.com.br\/index.php?rest_route=\/wp\/v2\/posts"}],"about":[{"href":"https:\/\/diarioregionaldigital.com.br\/index.php?rest_route=\/wp\/v2\/types\/post"}],"author":[{"embeddable":true,"href":"https:\/\/diarioregionaldigital.com.br\/index.php?rest_route=\/wp\/v2\/users\/246"}],"replies":[{"embeddable":true,"href":"https:\/\/diarioregionaldigital.com.br\/index.php?rest_route=%2Fwp%2Fv2%2Fcomments&post=197854"}],"version-history":[{"count":1,"href":"https:\/\/diarioregionaldigital.com.br\/index.php?rest_route=\/wp\/v2\/posts\/197854\/revisions"}],"predecessor-version":[{"id":197856,"href":"https:\/\/diarioregionaldigital.com.br\/index.php?rest_route=\/wp\/v2\/posts\/197854\/revisions\/197856"}],"wp:featuredmedia":[{"embeddable":true,"href":"https:\/\/diarioregionaldigital.com.br\/index.php?rest_route=\/wp\/v2\/media\/197855"}],"wp:attachment":[{"href":"https:\/\/diarioregionaldigital.com.br\/index.php?rest_route=%2Fwp%2Fv2%2Fmedia&parent=197854"}],"wp:term":[{"taxonomy":"category","embeddable":true,"href":"https:\/\/diarioregionaldigital.com.br\/index.php?rest_route=%2Fwp%2Fv2%2Fcategories&post=197854"},{"taxonomy":"post_tag","embeddable":true,"href":"https:\/\/diarioregionaldigital.com.br\/index.php?rest_route=%2Fwp%2Fv2%2Ftags&post=197854"}],"curies":[{"name":"wp","href":"https:\/\/api.w.org\/{rel}","templated":true}]}}