{"id":197850,"date":"2022-04-20T16:37:31","date_gmt":"2022-04-20T19:37:31","guid":{"rendered":"https:\/\/diarioregionaldigital.com.br\/?p=197850"},"modified":"2022-04-20T16:37:31","modified_gmt":"2022-04-20T19:37:31","slug":"escolas-comecam-a-receber-novos-computadores-para-renovacao-do-parque-tecnologico-da-rede-estadual-de-ensino","status":"publish","type":"post","link":"https:\/\/diarioregionaldigital.com.br\/?p=197850","title":{"rendered":"Escolas come\u00e7am a receber novos computadores para renova\u00e7\u00e3o do parque tecnol\u00f3gico da rede estadual de ensino"},"content":{"rendered":"<p>O\u00a0<a href=\"http:\/\/www.mg.gov.br\/\" target=\"_blank\" rel=\"noopener\">Governo de Minas Gerais<\/a>, por meio da\u00a0<a href=\"http:\/\/www.educacao.mg.gov.br\/\" target=\"_blank\" rel=\"noopener\">Secretaria de Estado de Educa\u00e7\u00e3o (SEE\/MG)<\/a>, est\u00e1 modernizando o parque tecnol\u00f3gico de todas as unidades de ensino estaduais.\u00a0 Ao todo, ser\u00e3o 89 mil computadores e notebooks enviados \u00e0s escolas para completa renova\u00e7\u00e3o da rede, em um investimento de R$ 413 milh\u00f5es. Este \u00e9 o maior aporte da hist\u00f3ria de Minas na moderniza\u00e7\u00e3o do parque tecnol\u00f3gico das escolas estaduais.\u00a0At\u00e9 julho todas as unidades de ensino do Estado receber\u00e3o novos computadores.<\/p>\n<p>As primeiras escolas contempladas com os novos equipamentos s\u00e3o as que oferecem o Ensino M\u00e9dio em Tempo Integral (EMTI).\u00a0Ao menos 26 cidades mineiras j\u00e1 come\u00e7aram a receber os computadores.<\/p>\n<p>Para a escolha das unidades\u00a0a serem contempladas nesse primeiro momento, foi levado em considera\u00e7\u00e3o o estado de uso das m\u00e1quinas, se estavam insuficientes ou obsoletas. Foi realizado levantamento em todas as unidades pelo N\u00facleo de Tecnologia Educacional (NTE) e o acompanhamento sistem\u00e1tico da Diretoria de Infraestrutura Tecnol\u00f3gica da Secretaria de Educa\u00e7\u00e3o.<\/p>\n<p>Segundo o diretor de Infraestrutura Tecnol\u00f3gica da SEE\/MG, Adilson Silva, o investimento do Estado \u00e9 de mais de R$ 413 milh\u00f5es nesta iniciativa e, desde 2017, n\u00e3o ocorria tamanha reformula\u00e7\u00e3o na \u00e1rea. At\u00e9 julho deste ano, quando terminar\u00e3o as entregas, ser\u00e3o instalados 81.564 Desktops e 7.259 notebooks, tanto para ambientes administrativos quanto did\u00e1ticos.<\/p>\n<p>\u201cA necessidade de renova\u00e7\u00e3o se d\u00e1 pelo fato de que as tecnologias aplicadas \u00e0 educa\u00e7\u00e3o precisam acompanhar os avan\u00e7os tecnol\u00f3gicos do mundo em todas as \u00e1reas, com equipamentos mais modernos, de modo a garantirmos a integridade da seguran\u00e7a da informa\u00e7\u00e3o, aliada \u00e0s pr\u00e1ticas pedag\u00f3gicas atuais\u201d, explica Adilson que pontua, tamb\u00e9m, sobre os benef\u00edcios. \u201cEquipamentos modernos e eficientes comportam atualiza\u00e7\u00f5es constantes da TI, tanto no ambiente administrativo como em sala de aula, permitindo que a\u00e7\u00f5es pedag\u00f3gicas que exigem maior efici\u00eancia dos equipamentos possam ser desenvolvidas\u201d, diz o diretor de Infraestrutura Tecnol\u00f3gica.<\/p>\n<p><strong>Caet\u00e9<\/strong><\/p>\n<p>A\u00a0Escola Estadual Senhora do Bonsucesso, em Caet\u00e9, na Regi\u00e3o Metropolitana de Belo Horizonte (RMBH), est\u00e1 entre\u00a0as primeiras a receber os equipamentos. Nessa ter\u00e7a-feira (19\/4), o governador Romeu Zema esteve na unidade para conhecer a renova\u00e7\u00e3o do laborat\u00f3rio de inform\u00e1tica.\u00a0Para todas as unidades de ensino do munic\u00edpio de Caet\u00e9, ser\u00e3o destinados 232 equipamentos, que totalizam um investimento de R$1 milh\u00e3o.<\/p>\n<p>Confira a mat\u00e9ria\u00a0<a href=\"https:\/\/www.agenciaminas.mg.gov.br\/noticia\/governador-visita-escola-em-caete-que-recebeu-computadores-e-passou-por-reformas\" target=\"_blank\" rel=\"noopener\">neste link<\/a>.<\/p>\n<p>Fonte: Ag\u00eancia Minas<\/p>\n","protected":false},"excerpt":{"rendered":"<p>O\u00a0Governo de Minas Gerais, por meio da\u00a0Secretaria de Estado de Educa\u00e7\u00e3o (SEE\/MG), est\u00e1 modernizando o parque tecnol\u00f3gico de todas as unidades de ensino estaduais.\u00a0 Ao todo, ser\u00e3o 89 mil computadores e notebooks enviados \u00e0s escolas para completa renova\u00e7\u00e3o da rede, em um investimento de R$ 413 milh\u00f5es. Este \u00e9 o maior aporte da hist\u00f3ria de [&hellip;]<\/p>\n","protected":false},"author":246,"featured_media":197851,"comment_status":"closed","ping_status":"closed","sticky":false,"template":"","format":"standard","meta":{"footnotes":""},"categories":[436,254,439],"tags":[],"class_list":["post-197850","post","type-post","status-publish","format-standard","has-post-thumbnail","hentry","category-destaque-da-semana","category-politica","category-ultima-hora"],"_links":{"self":[{"href":"https:\/\/diarioregionaldigital.com.br\/index.php?rest_route=\/wp\/v2\/posts\/197850","targetHints":{"allow":["GET"]}}],"collection":[{"href":"https:\/\/diarioregionaldigital.com.br\/index.php?rest_route=\/wp\/v2\/posts"}],"about":[{"href":"https:\/\/diarioregionaldigital.com.br\/index.php?rest_route=\/wp\/v2\/types\/post"}],"author":[{"embeddable":true,"href":"https:\/\/diarioregionaldigital.com.br\/index.php?rest_route=\/wp\/v2\/users\/246"}],"replies":[{"embeddable":true,"href":"https:\/\/diarioregionaldigital.com.br\/index.php?rest_route=%2Fwp%2Fv2%2Fcomments&post=197850"}],"version-history":[{"count":2,"href":"https:\/\/diarioregionaldigital.com.br\/index.php?rest_route=\/wp\/v2\/posts\/197850\/revisions"}],"predecessor-version":[{"id":197853,"href":"https:\/\/diarioregionaldigital.com.br\/index.php?rest_route=\/wp\/v2\/posts\/197850\/revisions\/197853"}],"wp:featuredmedia":[{"embeddable":true,"href":"https:\/\/diarioregionaldigital.com.br\/index.php?rest_route=\/wp\/v2\/media\/197851"}],"wp:attachment":[{"href":"https:\/\/diarioregionaldigital.com.br\/index.php?rest_route=%2Fwp%2Fv2%2Fmedia&parent=197850"}],"wp:term":[{"taxonomy":"category","embeddable":true,"href":"https:\/\/diarioregionaldigital.com.br\/index.php?rest_route=%2Fwp%2Fv2%2Fcategories&post=197850"},{"taxonomy":"post_tag","embeddable":true,"href":"https:\/\/diarioregionaldigital.com.br\/index.php?rest_route=%2Fwp%2Fv2%2Ftags&post=197850"}],"curies":[{"name":"wp","href":"https:\/\/api.w.org\/{rel}","templated":true}]}}